{"id":163799,"date":"2015-05-05T13:41:05","date_gmt":"2015-05-05T11:41:05","guid":{"rendered":"http:\/\/www.radioluna.it\/news\/?p=163799"},"modified":"2015-05-09T08:14:18","modified_gmt":"2015-05-09T06:14:18","slug":"mozione-di-sfiducia-del-pd-la-firmano-anche-fdi-udc-e-ncd","status":"publish","type":"post","link":"https:\/\/www.radioluna.it\/news\/2015\/05\/mozione-di-sfiducia-del-pd-la-firmano-anche-fdi-udc-e-ncd\/","title":{"rendered":"Mozione di sfiducia del Pd, la firmano anche Fdi, Udc e Ncd"},"content":{"rendered":"<div id=\"fb-root\"><\/div>\n<div id=\"attachment_163458\" style=\"width: 645px\" class=\"wp-caption aligncenter\"><img loading=\"lazy\" decoding=\"async\" aria-describedby=\"caption-attachment-163458\" class=\"size-thumbnail wp-image-163458\" src=\"http:\/\/www.radioluna.it\/news\/wp-content\/uploads\/2015\/04\/acqualatina-rinnovo-cda-2-635x357.jpg\" alt=\"Tiero, Forte e Calandrini\" width=\"635\" height=\"357\" srcset=\"https:\/\/www.radioluna.it\/news\/wp-content\/uploads\/2015\/04\/acqualatina-rinnovo-cda-2-635x357.jpg 635w, https:\/\/www.radioluna.it\/news\/wp-content\/uploads\/2015\/04\/acqualatina-rinnovo-cda-2-768x432.jpg 768w, https:\/\/www.radioluna.it\/news\/wp-content\/uploads\/2015\/04\/acqualatina-rinnovo-cda-2-500x281.jpg 500w, https:\/\/www.radioluna.it\/news\/wp-content\/uploads\/2015\/04\/acqualatina-rinnovo-cda-2-300x169.jpg 300w, https:\/\/www.radioluna.it\/news\/wp-content\/uploads\/2015\/04\/acqualatina-rinnovo-cda-2-1024x576.jpg 1024w, https:\/\/www.radioluna.it\/news\/wp-content\/uploads\/2015\/04\/acqualatina-rinnovo-cda-2-800x450.jpg 800w, https:\/\/www.radioluna.it\/news\/wp-content\/uploads\/2015\/04\/acqualatina-rinnovo-cda-2.jpg 1000w\" sizes=\"auto, (max-width: 635px) 100vw, 635px\" \/><p id=\"caption-attachment-163458\" class=\"wp-caption-text\">Tiero, Forte e Calandrini<\/p><\/div>\n<p style=\"text-align: justify;\">LATINA &#8211; La decisione \u00e8 singolare, ma raggiunge l&#8217;obiettivo di stanare FI e costringerla a portare il dibattito sulla sfiducia al sindaco Giovanni Di Giorgi in aula dopo l&#8217;uscita dalla maggioranza. Per questo i\u00a0segretari provinciali di Fratelli d&#8217;Italia, Nuovo Centro Destra e Udc, Calandrini, Tiero e Forte comunicano in una nota che &#8220;nel condividere la posizione espressa dal sindaco Giovanni Di Giorgi circa la necessit\u00e0 di istituzionalizzare la crisi politica in atto e portarla all\u2019interno del Consiglio comunale e quindi all\u2019attenzione della citt\u00e0 attraverso i propri rappresentanti in Consiglio comunale, hanno apposto le firme al documento-mozione presentato dal Partito Democratico&#8221;.<br \/>\nLa mozione \u00e8 quella presentata ieri pomeriggio in consiglio dai Dem per sfiduciare il primo cittadino e non discussa perch\u00e9 sprovvista delle firme necessarie (10 \u00a0a fronte delle 13 minime). &#8220;Ferma restando la piena e rinnovata fiducia da parte delle forze politiche scriventi al sindaco Giovanni Di Giorgi &#8211; si legge nella nota politica &#8211; \u00a0le firme apposte sul citato documento hanno come obiettivo esclusivamente quello di evitare una nuova ferita al dibattito democratico e alle istituzioni di questa citt\u00e0, che \u00e8 la prima del Lazio dopo Roma capitale e il pi\u00f9 importante capoluogo di provincia italiano governato dal centrodestra. \u00a0La crisi aperta da Forza Italia con la dichiarazione di uscita dalla maggioranza deve essere portata all\u2019attenzione della citt\u00e0 e discussa in totale trasparenza nella massima assise cittadina, per evidenziare che la crisi \u00e8 determinata da fattori esterni all\u2019amministrazione della citt\u00e0&#8221;. Non resta che fissare la data dell&#8217;assise.<\/p>\n","protected":false},"excerpt":{"rendered":"<p>LATINA &#8211; La decisione \u00e8 singolare, ma raggiunge l&#8217;obiettivo di stanare FI e costringerla a portare il dibattito sulla sfiducia al sindaco Giovanni Di Giorgi in aula dopo l&#8217;uscita dalla maggioranza. Per questo i\u00a0segretari provinciali di Fratelli d&#8217;Italia, Nuovo Centro Destra e Udc, Calandrini, Tiero e Forte comunicano in una nota che &#8220;nel condividere la [&hellip;]<\/p>\n","protected":false},"author":62,"featured_media":163458,"comment_status":"open","ping_status":"closed","sticky":false,"template":"","format":"standard","meta":{"footnotes":""},"categories":[8],"tags":[],"class_list":["post-163799","post","type-post","status-publish","format-standard","has-post-thumbnail","hentry","category-politica"],"_links":{"self":[{"href":"https:\/\/www.radioluna.it\/news\/wp-json\/wp\/v2\/posts\/163799","targetHints":{"allow":["GET"]}}],"collection":[{"href":"https:\/\/www.radioluna.it\/news\/wp-json\/wp\/v2\/posts"}],"about":[{"href":"https:\/\/www.radioluna.it\/news\/wp-json\/wp\/v2\/types\/post"}],"author":[{"embeddable":true,"href":"https:\/\/www.radioluna.it\/news\/wp-json\/wp\/v2\/users\/62"}],"replies":[{"embeddable":true,"href":"https:\/\/www.radioluna.it\/news\/wp-json\/wp\/v2\/comments?post=163799"}],"version-history":[{"count":0,"href":"https:\/\/www.radioluna.it\/news\/wp-json\/wp\/v2\/posts\/163799\/revisions"}],"wp:featuredmedia":[{"embeddable":true,"href":"https:\/\/www.radioluna.it\/news\/wp-json\/wp\/v2\/media\/163458"}],"wp:attachment":[{"href":"https:\/\/www.radioluna.it\/news\/wp-json\/wp\/v2\/media?parent=163799"}],"wp:term":[{"taxonomy":"category","embeddable":true,"href":"https:\/\/www.radioluna.it\/news\/wp-json\/wp\/v2\/categories?post=163799"},{"taxonomy":"post_tag","embeddable":true,"href":"https:\/\/www.radioluna.it\/news\/wp-json\/wp\/v2\/tags?post=163799"}],"curies":[{"name":"wp","href":"https:\/\/api.w.org\/{rel}","templated":true}]}}