{"id":163816,"date":"2015-05-06T08:19:35","date_gmt":"2015-05-06T06:19:35","guid":{"rendered":"http:\/\/www.radioluna.it\/news\/?p=163816"},"modified":"2015-05-06T08:19:35","modified_gmt":"2015-05-06T06:19:35","slug":"un-ultimo-sforzo-e-saremo-salvi-lorgoglio-di-bruscagin","status":"publish","type":"post","link":"https:\/\/www.radioluna.it\/news\/2015\/05\/un-ultimo-sforzo-e-saremo-salvi-lorgoglio-di-bruscagin\/","title":{"rendered":"&#8220;Un ultimo sforzo e saremo salvi&#8221;, l&#8217;orgoglio di Bruscagin"},"content":{"rendered":"<div id=\"fb-root\"><\/div>\n<p style=\"text-align: justify;\"><img loading=\"lazy\" decoding=\"async\" class=\"aligncenter size-thumbnail wp-image-163817\" src=\"http:\/\/www.radioluna.it\/news\/wp-content\/uploads\/2015\/05\/bruscagin-2-635x422.jpg\" alt=\"bruscagin 2\" width=\"635\" height=\"422\" srcset=\"https:\/\/www.radioluna.it\/news\/wp-content\/uploads\/2015\/05\/bruscagin-2-635x422.jpg 635w, https:\/\/www.radioluna.it\/news\/wp-content\/uploads\/2015\/05\/bruscagin-2-768x511.jpg 768w, https:\/\/www.radioluna.it\/news\/wp-content\/uploads\/2015\/05\/bruscagin-2-500x333.jpg 500w, https:\/\/www.radioluna.it\/news\/wp-content\/uploads\/2015\/05\/bruscagin-2-600x400.jpg 600w, https:\/\/www.radioluna.it\/news\/wp-content\/uploads\/2015\/05\/bruscagin-2-300x200.jpg 300w, https:\/\/www.radioluna.it\/news\/wp-content\/uploads\/2015\/05\/bruscagin-2.jpg 800w\" sizes=\"auto, (max-width: 635px) 100vw, 635px\" \/>LATINA &#8211; E&#8217; stato il protagonista della gara di Varese e ha meritato la sala stampa,\u00a0Matteo Bruscagin, per la conferenza di met\u00e0 settimana, nella sala stampa del Francioni. \u201cUn ultimo forzo e saremo salvi&#8221;, il messaggio del difensore nerazzurro che orgoglioso ammette: &#8220;Segnare la rete decisiva mi ha dato un\u2019emozione particolare. E\u2019 stato il coronamento per il lavoro fatto finora, oltre a rappresentare un motivo di orgoglio personale. Penso che sia un po\u2019 una rivincita personale, sar\u00e0 sicuramente un punto di partenza&#8221;.<\/p>\n<p style=\"text-align: justify;\">Il presente passa da tre scontri diretti: &#8220;Ora mancano tre partite, sappiamo che per centrare l\u2019obiettivo dovremo lottare senza risparmiarci: ci potremo dire salvi soltanto quando sar\u00e0 la matematica a confermarlo. Sicuramente con i tre punti di Varese abbiamo compiuto un importante passo in avanti, da qui alla fine il campionato proporr\u00e0 molti scontri diretti nella zona bassa: \u00e8 dura dire se la salvezza sar\u00e0 a 49 o 50 punti. Sicuramente vincere sabato ci permetterebbe di avvicinarci moltissimo al traguardo, soltanto in seguito sar\u00e0 il momento di fare calcoli. Tutto passa per la sfida con il Bari&#8221;.<\/p>\n<p style=\"text-align: justify;\">Sul futuro non ha dubbi: &#8220;Sarei felice di continuare in maglia nerazzurra\u201d.<\/p>\n","protected":false},"excerpt":{"rendered":"<p>LATINA &#8211; E&#8217; stato il protagonista della gara di Varese e ha meritato la sala stampa,\u00a0Matteo Bruscagin, per la conferenza di met\u00e0 settimana, nella sala stampa del Francioni. \u201cUn ultimo forzo e saremo salvi&#8221;, il messaggio del difensore nerazzurro che orgoglioso ammette: &#8220;Segnare la rete decisiva mi ha dato un\u2019emozione particolare. E\u2019 stato il coronamento [&hellip;]<\/p>\n","protected":false},"author":62,"featured_media":163817,"comment_status":"open","ping_status":"closed","sticky":false,"template":"","format":"standard","meta":{"footnotes":""},"categories":[17],"tags":[],"class_list":["post-163816","post","type-post","status-publish","format-standard","has-post-thumbnail","hentry","category-sport"],"_links":{"self":[{"href":"https:\/\/www.radioluna.it\/news\/wp-json\/wp\/v2\/posts\/163816","targetHints":{"allow":["GET"]}}],"collection":[{"href":"https:\/\/www.radioluna.it\/news\/wp-json\/wp\/v2\/posts"}],"about":[{"href":"https:\/\/www.radioluna.it\/news\/wp-json\/wp\/v2\/types\/post"}],"author":[{"embeddable":true,"href":"https:\/\/www.radioluna.it\/news\/wp-json\/wp\/v2\/users\/62"}],"replies":[{"embeddable":true,"href":"https:\/\/www.radioluna.it\/news\/wp-json\/wp\/v2\/comments?post=163816"}],"version-history":[{"count":0,"href":"https:\/\/www.radioluna.it\/news\/wp-json\/wp\/v2\/posts\/163816\/revisions"}],"wp:featuredmedia":[{"embeddable":true,"href":"https:\/\/www.radioluna.it\/news\/wp-json\/wp\/v2\/media\/163817"}],"wp:attachment":[{"href":"https:\/\/www.radioluna.it\/news\/wp-json\/wp\/v2\/media?parent=163816"}],"wp:term":[{"taxonomy":"category","embeddable":true,"href":"https:\/\/www.radioluna.it\/news\/wp-json\/wp\/v2\/categories?post=163816"},{"taxonomy":"post_tag","embeddable":true,"href":"https:\/\/www.radioluna.it\/news\/wp-json\/wp\/v2\/tags?post=163816"}],"curies":[{"name":"wp","href":"https:\/\/api.w.org\/{rel}","templated":true}]}}