{"id":164011,"date":"2015-05-11T18:34:18","date_gmt":"2015-05-11T16:34:18","guid":{"rendered":"http:\/\/www.radioluna.it\/news\/?p=164011"},"modified":"2015-05-11T18:34:18","modified_gmt":"2015-05-11T16:34:18","slug":"latina-approvato-in-commissione-pef-dei-servizi-igiene-urbana","status":"publish","type":"post","link":"https:\/\/www.radioluna.it\/news\/2015\/05\/latina-approvato-in-commissione-pef-dei-servizi-igiene-urbana\/","title":{"rendered":"Latina, approvato in commissione Pef dei servizi igiene urbana"},"content":{"rendered":"<div id=\"fb-root\"><\/div>\n<p style=\"text-align: justify;\"><img loading=\"lazy\" decoding=\"async\" class=\" size-full wp-image-155682 alignleft\" src=\"http:\/\/www.radioluna.it\/news\/wp-content\/uploads\/2014\/09\/ingresso-comune.jpg\" alt=\"ingresso comune\" width=\"375\" height=\"500\" srcset=\"https:\/\/www.radioluna.it\/news\/wp-content\/uploads\/2014\/09\/ingresso-comune.jpg 375w, https:\/\/www.radioluna.it\/news\/wp-content\/uploads\/2014\/09\/ingresso-comune-225x300.jpg 225w\" sizes=\"auto, (max-width: 375px) 100vw, 375px\" \/><strong>LATINA<\/strong> &#8211;\u00a0E&#8217; stato\u00a0approvato questa mattina il PEF 2015 dei servizi d\u2019igiene urbana, inferiore a quello dell\u2019anno scorso di 940.000 euro, un risparmio &#8211; si legge in una nota dell&#8217;amministrazione &#8211; ottenuto razionalizzando le spese e rimodulando i servizi, senza quindi effettuare tagli n\u00e9 al personale n\u00e9 ai servizi stessi.\u00a0\u201cSono soddisfatto perch\u00e9 siamo riusciti ad approvare il PEF in tempi comunque stretti e prima della met\u00e0 dell\u2019anno, consentendo oltremodo un evidente risparmio \u2013 afferma il presidente della Commissione Ambiente, Luca Bracchi \u2013 ringrazio l\u2019assessore Alberto Pansera e gli uffici per l\u2019ottimo lavoro svolto che ci consente di poter presentare un documento contabile importante sia sotto l\u2019aspetto economico finanziario sia sotto quello della prestazione dei servizi ai cittadini\u201d.<\/p>\n<p style=\"text-align: justify;\">Il Pd in commissione invece, ha votato contro il Piano Economico Finanziario della Latina Ambiente, che secondo\u00a0Sarubbo e Cozzolino non prevede incentivi per la differenziata e rischia di gettare la citt\u00e0 nel caos.\u00a0Il voto contrario arriva per il ritardo con cui si \u00e8 giunti all\u2019appuntamento: \u00ab\u00c8 molto grave \u2013 spiegano Omar Sarubbo e Alessandro Cozzolino, rispettivamente consigliere e capogruppo del Pd &#8211; che l\u2019amministrazione Di Giorgi abbia proposto la delibera del Pef 2015 quando \u00e8 ormai passata met\u00e0 dell\u2019anno in corso. Nei fatti questo impedisce di fare una programmazione annuale che consenta di gestire in maniera pi\u00f9 equa ed efficace il servizio di raccolta dei rifiuti. Ogni anno il sindaco e la sua giunta hanno rinnovato la promessa di portare in approvazione il Pef entro il mese di dicembre dell\u2019anno precedente, ma questa promessa \u00e8 stata sempre disattesa\u00bb. Il Piano, poi, \u00e8 in sostanza una somma di tagli ad un servizio che \u00e8 gi\u00e0 molto carente, con l\u2019aggravante di una raccolta differenziata ferma al 33% da cinque anni, ovvero da quando Di Giorgi si \u00e8 insediato. \u00abNon differenziare \u2013 sottolinea Sarubbo &#8211; significa danneggiare l\u2019ambiente e rinunciare ad un modello di raccolta rifiuti che oltre ad essere pi\u00f9 virtuoso \u00e8 nel lungo periodo remunerativo, riduce i costi per l\u2019amministrazione e le bollette per i cittadini\u00bb.<\/p>\n","protected":false},"excerpt":{"rendered":"<p>LATINA &#8211;\u00a0E&#8217; stato\u00a0approvato questa mattina il PEF 2015 dei servizi d\u2019igiene urbana, inferiore a quello dell\u2019anno scorso di 940.000 euro, un risparmio &#8211; si legge in una nota dell&#8217;amministrazione &#8211; ottenuto razionalizzando le spese e rimodulando i servizi, senza quindi effettuare tagli n\u00e9 al personale n\u00e9 ai servizi stessi.\u00a0\u201cSono soddisfatto perch\u00e9 siamo riusciti ad approvare [&hellip;]<\/p>\n","protected":false},"author":60,"featured_media":155682,"comment_status":"open","ping_status":"closed","sticky":false,"template":"","format":"standard","meta":{"footnotes":""},"categories":[12,8],"tags":[],"class_list":["post-164011","post","type-post","status-publish","format-standard","has-post-thumbnail","hentry","category-ambiente","category-politica"],"_links":{"self":[{"href":"https:\/\/www.radioluna.it\/news\/wp-json\/wp\/v2\/posts\/164011","targetHints":{"allow":["GET"]}}],"collection":[{"href":"https:\/\/www.radioluna.it\/news\/wp-json\/wp\/v2\/posts"}],"about":[{"href":"https:\/\/www.radioluna.it\/news\/wp-json\/wp\/v2\/types\/post"}],"author":[{"embeddable":true,"href":"https:\/\/www.radioluna.it\/news\/wp-json\/wp\/v2\/users\/60"}],"replies":[{"embeddable":true,"href":"https:\/\/www.radioluna.it\/news\/wp-json\/wp\/v2\/comments?post=164011"}],"version-history":[{"count":0,"href":"https:\/\/www.radioluna.it\/news\/wp-json\/wp\/v2\/posts\/164011\/revisions"}],"wp:featuredmedia":[{"embeddable":true,"href":"https:\/\/www.radioluna.it\/news\/wp-json\/wp\/v2\/media\/155682"}],"wp:attachment":[{"href":"https:\/\/www.radioluna.it\/news\/wp-json\/wp\/v2\/media?parent=164011"}],"wp:term":[{"taxonomy":"category","embeddable":true,"href":"https:\/\/www.radioluna.it\/news\/wp-json\/wp\/v2\/categories?post=164011"},{"taxonomy":"post_tag","embeddable":true,"href":"https:\/\/www.radioluna.it\/news\/wp-json\/wp\/v2\/tags?post=164011"}],"curies":[{"name":"wp","href":"https:\/\/api.w.org\/{rel}","templated":true}]}}