{"id":164045,"date":"2015-05-12T13:14:56","date_gmt":"2015-05-12T11:14:56","guid":{"rendered":"http:\/\/www.radioluna.it\/news\/?p=164045"},"modified":"2015-05-12T13:14:56","modified_gmt":"2015-05-12T11:14:56","slug":"museo-civico-archeologico-di-norma-visite-guidate-e-simulazioni-di-scavo","status":"publish","type":"post","link":"https:\/\/www.radioluna.it\/news\/2015\/05\/museo-civico-archeologico-di-norma-visite-guidate-e-simulazioni-di-scavo\/","title":{"rendered":"Museo Civico Archeologico di Norma: visite guidate e simulazioni di scavo"},"content":{"rendered":"<div id=\"fb-root\"><\/div>\n<p style=\"text-align: justify;\"><strong><img loading=\"lazy\" decoding=\"async\" class=\" size-thumbnail wp-image-141788 alignleft\" src=\"http:\/\/www.radioluna.it\/news\/wp-content\/uploads\/2013\/10\/NORMA_Museo_Civico_Archeologico-150x150.jpg\" alt=\"NORMA_Museo_Civico_Archeologico\" width=\"150\" height=\"150\" \/>NORMA<\/strong> &#8211;\u00a0Il Museo Civico Archeologico di Norma ed il Parco Archeologico dell&#8217;Antica Citt\u00e0 di Norba partecipano per il quinto anno consecutivo alla Giornata Internazionale dei Musei celebrata ogni anno dal 1977 dall&#8217;ICOM &#8211; International Council of Museums &#8211; e dedicata quest&#8217;anno al tema Museums for a sustainable society &#8211; Musei per una societ\u00e0 sostenibile.<\/p>\n<p style=\"text-align: justify;\">E&#8217; previsto un programma di tre giorni tra visite guidate e simulazioni di scavo per bambini.<\/p>\n<p style=\"text-align: justify;\">Sabato 16 maggio il museo sar\u00e0 aperto dalle\u00a010 alle 14 e dalle 15.30 alle 19\u00a0con biglietto ridotto per tutti.\u00a0Alle 11 \u00e8 prevista una simulazione di scavo gratuita per i bambini presso il Museo Civico della durata di circa 1 ora (gradita la prenotazione). Alle\u00a016 visita guidata al Parco Archeologico di Norba. Il costo \u00e8 di\u00a03 euro a persona (ingresso gratuito per under 10 solo se accompagnati).\u00a0Il coupon rilasciato per la visita guidata a Norba comprende anche l&#8217;ingresso al museo civico archeologico e la simulazione di scavo.<\/p>\n<p style=\"text-align: justify;\">Domenica 17 alle\u00a015 \u00e8 prevista la visita guidata al Parco Archeologico di Norba (durata circa 1h. &#8211; gradita la prenotazione &#8211;\u00a0Costo:\u00a0\u20ac 3.00 a persona;\u00a0Ingresso gratuito per under 10 solo se accompagnati).<\/p>\n<p style=\"text-align: justify;\">Luned\u00ec 18 maggio sono previste visite guidate all&#8217;Antica Norba solo su prenotazione (consultare il sito www.anticanorba.com).<\/p>\n<p style=\"text-align: justify;\">L&#8217;iniziativa \u00e8 organizzata dall&#8217;Assessorato alla Cultura del Comune di Norma in collaborazione con il Museo Civico Archeologico per contribuire a sensibilizzare il pubblico sul &#8220;ruolo che i musei possono avere nel costruire una societ\u00e0 sostenibile; oggi, una delle maggiori sfide \u00e8 infatti adattare i modi di vivere e di sviluppo della societ\u00e0 in rapporto alla natura&#8221;. \u00a0ICOM &#8211; International Council of Museums &#8211; \u00e8 l&#8217;organizzazione internazionale dei musei e dei professionisti museali impegnata a preservare, ad assicurare la continuit\u00e0 e a comunicare il valore del patrimonio culturale e naturale mondiale, attuale e futuro, materiale e immateriale.<\/p>\n<p style=\"text-align: justify;\">Per info: \u00a0Museo Civico Archeologico &#8220;Padre Annibale Gabriele Saggi&#8221;,\u00a0Via della Liberazione snc &#8211; Norma (LT)<br \/>\nTel. 0773.353806 \u2013 Fax 0773.354186 &#8211;<\/p>\n<p style=\"text-align: justify;\">cultura@comune.norma.lt.it<\/p>\n<p style=\"text-align: justify;\">www.culturalazio.it\/musei\/civicoarcheologiconorma &#8211;\u00a0www.anticanorba.com<\/p>\n<div class=\"radio-posizionamento-telefono-in-articoli-dopo-il-contenuto-articolo radio-entity-placement\" id=\"radio-4136422457\"><div id=\"radio-2048183281\"><a href=\"https:\/\/grupporedi.it\/\" aria-label=\"Redi-Qr\"><img loading=\"lazy\" decoding=\"async\" src=\"https:\/\/www.radioluna.it\/news\/wp-content\/uploads\/2026\/03\/Redi-Qr.jpg\" alt=\"\"  srcset=\"https:\/\/www.radioluna.it\/news\/wp-content\/uploads\/2026\/03\/Redi-Qr.jpg 800w, https:\/\/www.radioluna.it\/news\/wp-content\/uploads\/2026\/03\/Redi-Qr-768x639.jpg 768w\" sizes=\"(max-width: 800px) 100vw, 800px\" width=\"300\" height=\"250\"   \/><\/a><\/div><\/div>","protected":false},"excerpt":{"rendered":"<p>NORMA &#8211;\u00a0Il Museo Civico Archeologico di Norma ed il Parco Archeologico dell&#8217;Antica Citt\u00e0 di Norba partecipano per il quinto anno consecutivo alla Giornata Internazionale dei Musei celebrata ogni anno dal 1977 dall&#8217;ICOM &#8211; International Council of Museums &#8211; e dedicata quest&#8217;anno al tema Museums for a sustainable society &#8211; Musei per una societ\u00e0 sostenibile. E&#8217; [&hellip;]<\/p>\n","protected":false},"author":60,"featured_media":0,"comment_status":"open","ping_status":"closed","sticky":false,"template":"","format":"standard","meta":{"footnotes":""},"categories":[16,15],"tags":[],"class_list":["post-164045","post","type-post","status-publish","format-standard","hentry","category-appuntamenti","category-cultura"],"_links":{"self":[{"href":"https:\/\/www.radioluna.it\/news\/wp-json\/wp\/v2\/posts\/164045","targetHints":{"allow":["GET"]}}],"collection":[{"href":"https:\/\/www.radioluna.it\/news\/wp-json\/wp\/v2\/posts"}],"about":[{"href":"https:\/\/www.radioluna.it\/news\/wp-json\/wp\/v2\/types\/post"}],"author":[{"embeddable":true,"href":"https:\/\/www.radioluna.it\/news\/wp-json\/wp\/v2\/users\/60"}],"replies":[{"embeddable":true,"href":"https:\/\/www.radioluna.it\/news\/wp-json\/wp\/v2\/comments?post=164045"}],"version-history":[{"count":0,"href":"https:\/\/www.radioluna.it\/news\/wp-json\/wp\/v2\/posts\/164045\/revisions"}],"wp:attachment":[{"href":"https:\/\/www.radioluna.it\/news\/wp-json\/wp\/v2\/media?parent=164045"}],"wp:term":[{"taxonomy":"category","embeddable":true,"href":"https:\/\/www.radioluna.it\/news\/wp-json\/wp\/v2\/categories?post=164045"},{"taxonomy":"post_tag","embeddable":true,"href":"https:\/\/www.radioluna.it\/news\/wp-json\/wp\/v2\/tags?post=164045"}],"curies":[{"name":"wp","href":"https:\/\/api.w.org\/{rel}","templated":true}]}}