{"id":164376,"date":"2015-05-22T08:16:06","date_gmt":"2015-05-22T06:16:06","guid":{"rendered":"http:\/\/www.radioluna.it\/news\/?p=164376"},"modified":"2015-05-24T08:05:03","modified_gmt":"2015-05-24T06:05:03","slug":"colto-da-infarto-su-nave-da-crociera-soccorsi-da-ponza","status":"publish","type":"post","link":"https:\/\/www.radioluna.it\/news\/2015\/05\/colto-da-infarto-su-nave-da-crociera-soccorsi-da-ponza\/","title":{"rendered":"Colto da infarto su nave da crociera, soccorsi da Ponza"},"content":{"rendered":"<div id=\"fb-root\"><\/div>\n<p style=\"text-align: justify;\"><strong><img loading=\"lazy\" decoding=\"async\" class=\"aligncenter size-full wp-image-155626\" src=\"http:\/\/www.radioluna.it\/news\/wp-content\/uploads\/2014\/09\/soccorsi-al-Goretti.jpg\" alt=\"118 soccorsi al Goretti\" width=\"534\" height=\"400\" srcset=\"https:\/\/www.radioluna.it\/news\/wp-content\/uploads\/2014\/09\/soccorsi-al-Goretti.jpg 534w, https:\/\/www.radioluna.it\/news\/wp-content\/uploads\/2014\/09\/soccorsi-al-Goretti-300x225.jpg 300w, https:\/\/www.radioluna.it\/news\/wp-content\/uploads\/2014\/09\/soccorsi-al-Goretti-500x375.jpg 500w\" sizes=\"auto, (max-width: 534px) 100vw, 534px\" \/>PONZA<\/strong> &#8211;\u00a0\u00a0Si \u00e8 sentito male mentre era a bordo di una nave in crociera in navigazione nel mediterraneo a largo di Ponza, un uomo honduregno di 67 colpito da infarto. La difficile ma ottima macchina dei soccorsi ne ha consentito il trasporto in ospedale. L&#8217;operazione \u00e8 stata coordinata dalla Centrale operativa del 118 che si \u00e8 subito attivata dopo avere ricevuto la richiesta di soccorso. \u00c8 stata attivato un mezzo navale e il servizio di elisoccorso. L&#8217;imbarcazione partita da Ponza con a bordo personale dell&#8217;Ares, ha raggiunto la nave ferma a circa 5 miglia dalla costa. Le operazioni di trasbordo si sono rivelate complesse a causa delle onde molto alte. Appena imbarcato il paziente \u00e8 stato condotto sull&#8217;isola a Ponza dove ad attenderlo c&#8217;era l&#8217;eliambulanza Pegaso 21. \u00a0Il paziente \u00e8 stato preso in consegna dall&#8217;equipe sanitaria dell&#8217;elicottero regionale che dopo averne verificato le condizioni, ha dato il via libera al \u00e8 decollo alla volta dell&#8217;ospedale Santa Maria Goretti di Latina. Il turista in pochi minuti \u00e8 stato portato al Dea dove \u00e8 stato sottoposto al cure immediate e ricoverato in codice rosso.<\/p>\n","protected":false},"excerpt":{"rendered":"<p>PONZA &#8211;\u00a0\u00a0Si \u00e8 sentito male mentre era a bordo di una nave in crociera in navigazione nel mediterraneo a largo di Ponza, un uomo honduregno di 67 colpito da infarto. La difficile ma ottima macchina dei soccorsi ne ha consentito il trasporto in ospedale. L&#8217;operazione \u00e8 stata coordinata dalla Centrale operativa del 118 che si [&hellip;]<\/p>\n","protected":false},"author":62,"featured_media":155626,"comment_status":"open","ping_status":"closed","sticky":false,"template":"","format":"standard","meta":{"footnotes":""},"categories":[7],"tags":[],"class_list":["post-164376","post","type-post","status-publish","format-standard","has-post-thumbnail","hentry","category-cronaca"],"_links":{"self":[{"href":"https:\/\/www.radioluna.it\/news\/wp-json\/wp\/v2\/posts\/164376","targetHints":{"allow":["GET"]}}],"collection":[{"href":"https:\/\/www.radioluna.it\/news\/wp-json\/wp\/v2\/posts"}],"about":[{"href":"https:\/\/www.radioluna.it\/news\/wp-json\/wp\/v2\/types\/post"}],"author":[{"embeddable":true,"href":"https:\/\/www.radioluna.it\/news\/wp-json\/wp\/v2\/users\/62"}],"replies":[{"embeddable":true,"href":"https:\/\/www.radioluna.it\/news\/wp-json\/wp\/v2\/comments?post=164376"}],"version-history":[{"count":0,"href":"https:\/\/www.radioluna.it\/news\/wp-json\/wp\/v2\/posts\/164376\/revisions"}],"wp:featuredmedia":[{"embeddable":true,"href":"https:\/\/www.radioluna.it\/news\/wp-json\/wp\/v2\/media\/155626"}],"wp:attachment":[{"href":"https:\/\/www.radioluna.it\/news\/wp-json\/wp\/v2\/media?parent=164376"}],"wp:term":[{"taxonomy":"category","embeddable":true,"href":"https:\/\/www.radioluna.it\/news\/wp-json\/wp\/v2\/categories?post=164376"},{"taxonomy":"post_tag","embeddable":true,"href":"https:\/\/www.radioluna.it\/news\/wp-json\/wp\/v2\/tags?post=164376"}],"curies":[{"name":"wp","href":"https:\/\/api.w.org\/{rel}","templated":true}]}}