{"id":164379,"date":"2015-05-22T08:29:24","date_gmt":"2015-05-22T06:29:24","guid":{"rendered":"http:\/\/www.radioluna.it\/news\/?p=164379"},"modified":"2015-05-24T08:05:13","modified_gmt":"2015-05-24T06:05:13","slug":"il-comune-ordina-la-demolizione-per-via-quarto-ripristinare-lo-stato-dei-luoghi","status":"publish","type":"post","link":"https:\/\/www.radioluna.it\/news\/2015\/05\/il-comune-ordina-la-demolizione-per-via-quarto-ripristinare-lo-stato-dei-luoghi\/","title":{"rendered":"Via Quarto, il Comune di Latina ordina la demolizione: &#8220;Rimuovere le opere abusive&#8221;"},"content":{"rendered":"<div id=\"fb-root\"><\/div>\n<p style=\"text-align: justify;\"><strong><img loading=\"lazy\" decoding=\"async\" class=\"aligncenter size-thumbnail wp-image-164381\" src=\"http:\/\/www.radioluna.it\/news\/wp-content\/uploads\/2015\/05\/ordinanza-635x423.jpg\" alt=\"ordinanza\" width=\"635\" height=\"423\" srcset=\"https:\/\/www.radioluna.it\/news\/wp-content\/uploads\/2015\/05\/ordinanza-635x423.jpg 635w, https:\/\/www.radioluna.it\/news\/wp-content\/uploads\/2015\/05\/ordinanza-768x512.jpg 768w, https:\/\/www.radioluna.it\/news\/wp-content\/uploads\/2015\/05\/ordinanza-500x333.jpg 500w, https:\/\/www.radioluna.it\/news\/wp-content\/uploads\/2015\/05\/ordinanza-600x400.jpg 600w, https:\/\/www.radioluna.it\/news\/wp-content\/uploads\/2015\/05\/ordinanza-300x200.jpg 300w, https:\/\/www.radioluna.it\/news\/wp-content\/uploads\/2015\/05\/ordinanza-800x533.jpg 800w, https:\/\/www.radioluna.it\/news\/wp-content\/uploads\/2015\/05\/ordinanza.jpg 960w\" sizes=\"auto, (max-width: 635px) 100vw, 635px\" \/>LATINA<\/strong> &#8211;\u00a0Il Comune di Latina ha disposto la demolizione delle opere eseguite in Via Quarto dalla ditta Costruzioni Generali. La vicenda \u00e8 stata per mesi all&#8217;attenzione dell&#8217;opinione pubblica dopo la concessione edilizia rilasciata al costruttore per una piccola area verde dove svettava due eucaliptus e dove grazie al nuovo piano particolareggiato del quartiere R3, sono state realizzare le fondamenta di una palazzina da 15 appartamenti peraltro a ridosso di un&#8217;altra esistente dagli anni &#8217;70. Il Comune che su sollecitazione del Gigante Buono, il comitato civico che si \u00e8 sempre opposto a quella concessione, ha revocato nei mesi scorsi in autotutela la concessione rilasciata sulla base di titoli inesistenti e nei giorni scorsi ha anche respinto un nuovo permesso a costruire con una riduzione di cubature, chiede ora che venga ripristinato lo stato dei luoghi. Ora l&#8217;ordinanza di ripristino dei luoghi.<\/p>\n<p style=\"text-align: justify;\">&#8220;Oggi \u00e8 un giorno che passer\u00e0 alla storia. Davide vince contro Golia. Tanti piccoli cittadini coraggiosi contro la potente lobby del cemento.\u00a0Oggi \u00e8 il giorno in cui viene seppellita la frase: &#8220;tanto \u00e8 inutile&#8221;, oggi \u00e8 il giorno in cui la giustizia vince sulla prepotenza e l&#8217;illegalit\u00e0.\u00a0Oggi \u00e8 la vittoria del Gigante Buono. Oggi \u00e8 la vittoria della gente che ama questa citt\u00e0 ed il suo territorio&#8221;, \u00a0commentano gli attivisti del Gigante Buono.<\/p>\n","protected":false},"excerpt":{"rendered":"<p>LATINA &#8211;\u00a0Il Comune di Latina ha disposto la demolizione delle opere eseguite in Via Quarto dalla ditta Costruzioni Generali. La vicenda \u00e8 stata per mesi all&#8217;attenzione dell&#8217;opinione pubblica dopo la concessione edilizia rilasciata al costruttore per una piccola area verde dove svettava due eucaliptus e dove grazie al nuovo piano particolareggiato del quartiere R3, sono [&hellip;]<\/p>\n","protected":false},"author":62,"featured_media":159856,"comment_status":"open","ping_status":"closed","sticky":false,"template":"","format":"standard","meta":{"footnotes":""},"categories":[7],"tags":[],"class_list":["post-164379","post","type-post","status-publish","format-standard","has-post-thumbnail","hentry","category-cronaca"],"_links":{"self":[{"href":"https:\/\/www.radioluna.it\/news\/wp-json\/wp\/v2\/posts\/164379","targetHints":{"allow":["GET"]}}],"collection":[{"href":"https:\/\/www.radioluna.it\/news\/wp-json\/wp\/v2\/posts"}],"about":[{"href":"https:\/\/www.radioluna.it\/news\/wp-json\/wp\/v2\/types\/post"}],"author":[{"embeddable":true,"href":"https:\/\/www.radioluna.it\/news\/wp-json\/wp\/v2\/users\/62"}],"replies":[{"embeddable":true,"href":"https:\/\/www.radioluna.it\/news\/wp-json\/wp\/v2\/comments?post=164379"}],"version-history":[{"count":0,"href":"https:\/\/www.radioluna.it\/news\/wp-json\/wp\/v2\/posts\/164379\/revisions"}],"wp:featuredmedia":[{"embeddable":true,"href":"https:\/\/www.radioluna.it\/news\/wp-json\/wp\/v2\/media\/159856"}],"wp:attachment":[{"href":"https:\/\/www.radioluna.it\/news\/wp-json\/wp\/v2\/media?parent=164379"}],"wp:term":[{"taxonomy":"category","embeddable":true,"href":"https:\/\/www.radioluna.it\/news\/wp-json\/wp\/v2\/categories?post=164379"},{"taxonomy":"post_tag","embeddable":true,"href":"https:\/\/www.radioluna.it\/news\/wp-json\/wp\/v2\/tags?post=164379"}],"curies":[{"name":"wp","href":"https:\/\/api.w.org\/{rel}","templated":true}]}}