{"id":164578,"date":"2015-05-27T15:50:10","date_gmt":"2015-05-27T13:50:10","guid":{"rendered":"http:\/\/www.radioluna.it\/news\/?p=164578"},"modified":"2015-05-28T09:24:54","modified_gmt":"2015-05-28T07:24:54","slug":"seguita-e-minacciata-vittima-di-un-attacco-omofobico","status":"publish","type":"post","link":"https:\/\/www.radioluna.it\/news\/2015\/05\/seguita-e-minacciata-vittima-di-un-attacco-omofobico\/","title":{"rendered":"Aggressione omofoba ad una ragazza che sta cambiando sesso"},"content":{"rendered":"<div id=\"fb-root\"><\/div>\n<p><img loading=\"lazy\" decoding=\"async\" class=\"alignleft size-thumbnail wp-image-134769\" src=\"http:\/\/www.radioluna.it\/news\/wp-content\/uploads\/2013\/04\/aprilia_aprilia-142x150.jpg\" alt=\"aprilia_aprilia\" width=\"142\" height=\"150\" \/><\/p>\n<p style=\"text-align: justify;\"><strong>APRILIA<\/strong> &#8211; Ha raccontato di essere stata seguita e poi minacciata da cinque adolescenti, di cui uno armato di un coltello. E&#8217; la storia che ha postato sul suo profilo facebook, Aurora una 22 enne di Aprilia nata maschio che ora ha intrapreso un percorso per diventare donna. I fatti sono avvenuti ieri sera in via Francia nel quartiere Toscanini e la giovane \u00e8 stata vittima di un attacco omofobo: \u00e8 riuscita a salvarsi dal gruppo di cinque persone, un branco lo ha definito, nascondendosi in un condominio di via Inghilterra. \u00a0Gi\u00e0 due anni fa era avvenuto un precedente analogo quando era stata insultata e aggredita a sassate e in quell&#8217;occasione la citt\u00e0 si era mobilitata con una grande manifestazione in piazza. \u00a0Anche nell&#8217;episodio di ieri il movente \u00e8 da ricercare nell&#8217;orientamento sessuale di Aurora rimasta sotto choc per quello che \u00e8 avvenuto e che ha presentato una denuncia contro ai carabinieri. Gli investigatori sono alla ricerca dei cinque adolescenti che in base alla descrizione della giovane hanno un&#8217;et\u00e0 compresa tra i 14 e i 17 anni.<\/p>\n<p style=\"text-align: justify;\">LA SOLIDARIETA&#8217; DELL&#8217;ANPI &#8211; &#8220;Ancora una vile aggressione ad una nostra concittadina di cui conosciamo i sacrifici e le umiliazioni subite per affermare la propria personalit\u00e0 e identit\u00e0 di genere. Ancora un&#8217; aggressione di volgari ingiurie da parte di criminali armati di coltello che esercitano cos\u00ec la loro bestialit\u00e0 nel comportamento del branco violento, intollerante e squadrista- scrivono dall&#8217;ANPI \u201cVittorio Arrigoni\u201d di Aprilia &#8211;\u00a0Fatto non isolato, che evidenzia una recrudescenza e pericolosit\u00e0 di certi comportamenti. Vogliamo ricordare che gi\u00e0 tre anni fa, la stessa ragazza, allora ancora ragazzo, fu oggetto di un\u2019aggressione violenta dove venne presa a sassate e che ha visto tutta la comunit\u00e0 reagire in una grande manifestazione di solidariet\u00e0&#8230;\u00a0questa ennesima aggressione coraggiosamente denunciata per altissimo senso civico, interroga istituzioni locali, comunit\u00e0 scolastiche e Associazioni che si battono contro ogni forma di discriminazione e di offesa basata sull\u2019orientamento sessuale delle persone.\u00a0Facciamo appello \u00a0\u00a0alla Cittadinanza apriliana, alle Istituzioni locali, alle Associazioni e ai partiti politici affinch\u00e8 denuncino con forza simili episodi e riflettano sulla necessit\u00e0 di individuare forme e messaggi adeguati, in sinergia con le scuole, volti alla formazione di coscienze libere e tolleranti per una cittadinanza consapevole e attiva&#8230;.\u00a0Dobbiamo promuovere il rispetto delle differenze laddove invece la diversit\u00e0 scatena reazioni intolleranti. E dobbiamo parlarne con i giovani&#8221;.<\/p>\n<div class=\"radio-posizionamento-telefono-in-articoli-dopo-il-contenuto-articolo radio-entity-placement\" id=\"radio-1722800617\"><div id=\"radio-3704881544\"><a href=\"https:\/\/grupporedi.it\/\" aria-label=\"Redi-Qr\"><img loading=\"lazy\" decoding=\"async\" src=\"https:\/\/www.radioluna.it\/news\/wp-content\/uploads\/2026\/03\/Redi-Qr.jpg\" alt=\"\"  srcset=\"https:\/\/www.radioluna.it\/news\/wp-content\/uploads\/2026\/03\/Redi-Qr.jpg 800w, https:\/\/www.radioluna.it\/news\/wp-content\/uploads\/2026\/03\/Redi-Qr-768x639.jpg 768w\" sizes=\"(max-width: 800px) 100vw, 800px\" width=\"300\" height=\"250\"   \/><\/a><\/div><\/div>","protected":false},"excerpt":{"rendered":"<p>APRILIA &#8211; Ha raccontato di essere stata seguita e poi minacciata da cinque adolescenti, di cui uno armato di un coltello. E&#8217; la storia che ha postato sul suo profilo facebook, Aurora una 22 enne di Aprilia nata maschio che ora ha intrapreso un percorso per diventare donna. I fatti sono avvenuti ieri sera in [&hellip;]<\/p>\n","protected":false},"author":60,"featured_media":134769,"comment_status":"open","ping_status":"closed","sticky":false,"template":"","format":"standard","meta":{"footnotes":""},"categories":[7],"tags":[],"class_list":["post-164578","post","type-post","status-publish","format-standard","has-post-thumbnail","hentry","category-cronaca"],"_links":{"self":[{"href":"https:\/\/www.radioluna.it\/news\/wp-json\/wp\/v2\/posts\/164578","targetHints":{"allow":["GET"]}}],"collection":[{"href":"https:\/\/www.radioluna.it\/news\/wp-json\/wp\/v2\/posts"}],"about":[{"href":"https:\/\/www.radioluna.it\/news\/wp-json\/wp\/v2\/types\/post"}],"author":[{"embeddable":true,"href":"https:\/\/www.radioluna.it\/news\/wp-json\/wp\/v2\/users\/60"}],"replies":[{"embeddable":true,"href":"https:\/\/www.radioluna.it\/news\/wp-json\/wp\/v2\/comments?post=164578"}],"version-history":[{"count":0,"href":"https:\/\/www.radioluna.it\/news\/wp-json\/wp\/v2\/posts\/164578\/revisions"}],"wp:featuredmedia":[{"embeddable":true,"href":"https:\/\/www.radioluna.it\/news\/wp-json\/wp\/v2\/media\/134769"}],"wp:attachment":[{"href":"https:\/\/www.radioluna.it\/news\/wp-json\/wp\/v2\/media?parent=164578"}],"wp:term":[{"taxonomy":"category","embeddable":true,"href":"https:\/\/www.radioluna.it\/news\/wp-json\/wp\/v2\/categories?post=164578"},{"taxonomy":"post_tag","embeddable":true,"href":"https:\/\/www.radioluna.it\/news\/wp-json\/wp\/v2\/tags?post=164578"}],"curies":[{"name":"wp","href":"https:\/\/api.w.org\/{rel}","templated":true}]}}