{"id":164582,"date":"2015-05-27T21:23:31","date_gmt":"2015-05-27T19:23:31","guid":{"rendered":"http:\/\/www.radioluna.it\/news\/?p=164582"},"modified":"2015-05-27T21:23:31","modified_gmt":"2015-05-27T19:23:31","slug":"dissequestrata-la-pista-di-go-kart","status":"publish","type":"post","link":"https:\/\/www.radioluna.it\/news\/2015\/05\/dissequestrata-la-pista-di-go-kart\/","title":{"rendered":"Dissequestrata la pista di Go kart"},"content":{"rendered":"<div id=\"fb-root\"><\/div>\n<p><img loading=\"lazy\" decoding=\"async\" class=\"size-thumbnail wp-image-119252\" src=\"http:\/\/www.radioluna.it\/news\/wp-content\/uploads\/2012\/04\/manifestazione-tribunale-150x150.jpg\" alt=\"L'ultima manifestazione dei tirocinanti\" width=\"150\" height=\"150\" srcset=\"https:\/\/www.radioluna.it\/news\/wp-content\/uploads\/2012\/04\/manifestazione-tribunale-150x150.jpg 150w, https:\/\/www.radioluna.it\/news\/wp-content\/uploads\/2012\/04\/manifestazione-tribunale-300x300.jpg 300w, https:\/\/www.radioluna.it\/news\/wp-content\/uploads\/2012\/04\/manifestazione-tribunale-50x50.jpg 50w, https:\/\/www.radioluna.it\/news\/wp-content\/uploads\/2012\/04\/manifestazione-tribunale-80x80.jpg 80w\" sizes=\"auto, (max-width: 150px) 100vw, 150px\" \/><\/p>\n<p>APRILIA- E&#8217; stata dissequestrata la pista di Go Kart e minimoto di Campo di Carne a cui nei giorni scorsi la polizia locale aveva apposto i sigilli. E&#8217; lo stesso gestore ad annunciarlo dopo che il giudice del Tribunale di Latina Raffaella De Pasquale ha accolto il ricorso dell&#8217;affittuario dell&#8217;impianto e della propriet\u00e0 del terreno agricolo. L&#8217;accusa di abusivismo \u00e8 stata dichiarata prescritta perch\u00e8 i fatti contestati risalgono ad oltre venti anni fa.<\/p>\n<p>&nbsp;<\/p>\n<p>&nbsp;<\/p>\n<div class=\"radio-posizionamento-telefono-in-articoli-dopo-il-contenuto-articolo radio-entity-placement\" id=\"radio-4233009116\"><div id=\"radio-458859900\"><a href=\"https:\/\/grupporedi.it\/\" aria-label=\"Redi-Qr\"><img loading=\"lazy\" decoding=\"async\" src=\"https:\/\/www.radioluna.it\/news\/wp-content\/uploads\/2026\/03\/Redi-Qr.jpg\" alt=\"\"  srcset=\"https:\/\/www.radioluna.it\/news\/wp-content\/uploads\/2026\/03\/Redi-Qr.jpg 800w, https:\/\/www.radioluna.it\/news\/wp-content\/uploads\/2026\/03\/Redi-Qr-768x639.jpg 768w\" sizes=\"(max-width: 800px) 100vw, 800px\" width=\"300\" height=\"250\"   \/><\/a><\/div><\/div>","protected":false},"excerpt":{"rendered":"<p>APRILIA- E&#8217; stata dissequestrata la pista di Go Kart e minimoto di Campo di Carne a cui nei giorni scorsi la polizia locale aveva apposto i sigilli. E&#8217; lo stesso gestore ad annunciarlo dopo che il giudice del Tribunale di Latina Raffaella De Pasquale ha accolto il ricorso dell&#8217;affittuario dell&#8217;impianto e della propriet\u00e0 del terreno [&hellip;]<\/p>\n","protected":false},"author":60,"featured_media":119252,"comment_status":"open","ping_status":"closed","sticky":false,"template":"","format":"standard","meta":{"footnotes":""},"categories":[7],"tags":[],"class_list":["post-164582","post","type-post","status-publish","format-standard","has-post-thumbnail","hentry","category-cronaca"],"_links":{"self":[{"href":"https:\/\/www.radioluna.it\/news\/wp-json\/wp\/v2\/posts\/164582","targetHints":{"allow":["GET"]}}],"collection":[{"href":"https:\/\/www.radioluna.it\/news\/wp-json\/wp\/v2\/posts"}],"about":[{"href":"https:\/\/www.radioluna.it\/news\/wp-json\/wp\/v2\/types\/post"}],"author":[{"embeddable":true,"href":"https:\/\/www.radioluna.it\/news\/wp-json\/wp\/v2\/users\/60"}],"replies":[{"embeddable":true,"href":"https:\/\/www.radioluna.it\/news\/wp-json\/wp\/v2\/comments?post=164582"}],"version-history":[{"count":0,"href":"https:\/\/www.radioluna.it\/news\/wp-json\/wp\/v2\/posts\/164582\/revisions"}],"wp:featuredmedia":[{"embeddable":true,"href":"https:\/\/www.radioluna.it\/news\/wp-json\/wp\/v2\/media\/119252"}],"wp:attachment":[{"href":"https:\/\/www.radioluna.it\/news\/wp-json\/wp\/v2\/media?parent=164582"}],"wp:term":[{"taxonomy":"category","embeddable":true,"href":"https:\/\/www.radioluna.it\/news\/wp-json\/wp\/v2\/categories?post=164582"},{"taxonomy":"post_tag","embeddable":true,"href":"https:\/\/www.radioluna.it\/news\/wp-json\/wp\/v2\/tags?post=164582"}],"curies":[{"name":"wp","href":"https:\/\/api.w.org\/{rel}","templated":true}]}}