{"id":164643,"date":"2015-05-29T11:22:27","date_gmt":"2015-05-29T09:22:27","guid":{"rendered":"http:\/\/www.radioluna.it\/news\/?p=164643"},"modified":"2015-05-29T11:22:27","modified_gmt":"2015-05-29T09:22:27","slug":"balletto-e-orchestra-spettacolo-al-dannunzio","status":"publish","type":"post","link":"https:\/\/www.radioluna.it\/news\/2015\/05\/balletto-e-orchestra-spettacolo-al-dannunzio\/","title":{"rendered":"Balletto e Orchestra, spettacolo al D&#8217;Annunzio"},"content":{"rendered":"<div id=\"fb-root\"><\/div>\n<p style=\"text-align: justify;\"><strong><img loading=\"lazy\" decoding=\"async\" class=\"aligncenter size-thumbnail wp-image-164644\" src=\"http:\/\/www.radioluna.it\/news\/wp-content\/uploads\/2015\/05\/balletto-e-oerchestra-635x424.jpg\" alt=\"balletto e oerchestra\" width=\"635\" height=\"424\" srcset=\"https:\/\/www.radioluna.it\/news\/wp-content\/uploads\/2015\/05\/balletto-e-oerchestra-635x424.jpg 635w, https:\/\/www.radioluna.it\/news\/wp-content\/uploads\/2015\/05\/balletto-e-oerchestra-768x513.jpg 768w, https:\/\/www.radioluna.it\/news\/wp-content\/uploads\/2015\/05\/balletto-e-oerchestra-500x334.jpg 500w, https:\/\/www.radioluna.it\/news\/wp-content\/uploads\/2015\/05\/balletto-e-oerchestra-600x400.jpg 600w, https:\/\/www.radioluna.it\/news\/wp-content\/uploads\/2015\/05\/balletto-e-oerchestra-300x200.jpg 300w, https:\/\/www.radioluna.it\/news\/wp-content\/uploads\/2015\/05\/balletto-e-oerchestra-1024x684.jpg 1024w, https:\/\/www.radioluna.it\/news\/wp-content\/uploads\/2015\/05\/balletto-e-oerchestra-800x534.jpg 800w, https:\/\/www.radioluna.it\/news\/wp-content\/uploads\/2015\/05\/balletto-e-oerchestra.jpg 1000w\" sizes=\"auto, (max-width: 635px) 100vw, 635px\" \/>LATINA<\/strong> &#8211; Uno spettacolo di musica e danza chiuder\u00e0 stasera (venerd\u00ec 29 maggio alle 21) la rassegna &#8220;Un\u2019Orchestra a Teatro&#8221;, promossa dal Conservatorio di Musica con la Fondazione Campus. L\u2019appuntamento \u00e8 con il balletto, le coreografie di Carl Portal e le musiche di Darius Milhaud, Gabriel Faur\u00e9 e Manuel De Falla eseguite dal vivo dall&#8217; orchestra del Conservatorio Respighi diretta dal maestro Benedetto Montebello (Eleonora Cipolla mezzoprano), grazie alla collaborazione con Progetto Danza, l\u2019associazione, presieduta da Barbara Tudini, che raccoglie le scuole di danza di Latina e provincia e cura la direzione tecnico-artistica della Compagnia Balletto Citt\u00e0 di Latina che si esibir\u00e0 al D\u2019Annunzio con i due ballerini solisti Erika Gaudenzi e Claudio Cocino, del Teatro dell\u2019Opera di Roma.<\/p>\n<p style=\"text-align: justify;\">La serata sar\u00e0 preceduta (alle 20,30) anche quest\u2019anno dall\u2019assegnazione del 15\u00b0 Premio Frumento d\u2019oro,\u00a0 presieduto da Rita Salvatori, che rendere omaggio alle donne che si sono particolarmente distinte per professionalit\u00e0, capacit\u00e0 imprenditoriale, attivit\u00e0 nel campo sociale e della cultura.<\/p>\n<p style=\"text-align: justify;\">Per informazioni e biglietti: Botteghino Teatro D\u2019Annunzio 0773 652642<\/p>\n<p style=\"text-align: justify;\">Biglietti<\/p>\n<p style=\"text-align: justify;\">Platea: Intero 15\u20ac; Ridotto 12\u20ac;<\/p>\n<p style=\"text-align: justify;\">Galleria e Palchi di Galleria: 10 e 8\u20ac, under 18 3\u20ac<\/p>\n<p style=\"text-align: justify;\">Non c\u2019\u00e8 diritto di prevendita<\/p>\n<p style=\"text-align: justify;\">Orari botteghino: gioved\u00ec 28 maggio ore 10-13\/16-19<br \/>\nvenerd\u00ec 29 maggio ore 10-13\/16-21<\/p>\n<p>&nbsp;<\/p>\n<p>EL AMOR BRUJO una nuova e contemporanea versione \u00a0del coreografo francese Carl Porta che ha voluto sottolineare l&#8217;aspetto emotivo dei protagonisti : passione, gelosia e desiderio, con un tratto quasi cinematografico. Una ricerca dell&#8217;amore perduto una donna che si confida e affida ad altre donne in una toccante prova di solidariet\u00e0 femminile.<\/p>\n<p>LE BOEUF SUR LE TOIT in un clima surreale vive il mondo variopinto di un circo. Carl Portal gioca in maniera ironica sottolineando e ingigantendo gli atteggiamenti bizzarri e paradossali di eccentrici personaggi.<\/p>\n<p>&nbsp;<\/p>\n<p>&nbsp;<\/p>\n","protected":false},"excerpt":{"rendered":"<p>LATINA &#8211; Uno spettacolo di musica e danza chiuder\u00e0 stasera (venerd\u00ec 29 maggio alle 21) la rassegna &#8220;Un\u2019Orchestra a Teatro&#8221;, promossa dal Conservatorio di Musica con la Fondazione Campus. L\u2019appuntamento \u00e8 con il balletto, le coreografie di Carl Portal e le musiche di Darius Milhaud, Gabriel Faur\u00e9 e Manuel De Falla eseguite dal vivo dall&#8217; [&hellip;]<\/p>\n","protected":false},"author":62,"featured_media":164644,"comment_status":"open","ping_status":"closed","sticky":false,"template":"","format":"standard","meta":{"footnotes":""},"categories":[16],"tags":[],"class_list":["post-164643","post","type-post","status-publish","format-standard","has-post-thumbnail","hentry","category-appuntamenti"],"_links":{"self":[{"href":"https:\/\/www.radioluna.it\/news\/wp-json\/wp\/v2\/posts\/164643","targetHints":{"allow":["GET"]}}],"collection":[{"href":"https:\/\/www.radioluna.it\/news\/wp-json\/wp\/v2\/posts"}],"about":[{"href":"https:\/\/www.radioluna.it\/news\/wp-json\/wp\/v2\/types\/post"}],"author":[{"embeddable":true,"href":"https:\/\/www.radioluna.it\/news\/wp-json\/wp\/v2\/users\/62"}],"replies":[{"embeddable":true,"href":"https:\/\/www.radioluna.it\/news\/wp-json\/wp\/v2\/comments?post=164643"}],"version-history":[{"count":0,"href":"https:\/\/www.radioluna.it\/news\/wp-json\/wp\/v2\/posts\/164643\/revisions"}],"wp:featuredmedia":[{"embeddable":true,"href":"https:\/\/www.radioluna.it\/news\/wp-json\/wp\/v2\/media\/164644"}],"wp:attachment":[{"href":"https:\/\/www.radioluna.it\/news\/wp-json\/wp\/v2\/media?parent=164643"}],"wp:term":[{"taxonomy":"category","embeddable":true,"href":"https:\/\/www.radioluna.it\/news\/wp-json\/wp\/v2\/categories?post=164643"},{"taxonomy":"post_tag","embeddable":true,"href":"https:\/\/www.radioluna.it\/news\/wp-json\/wp\/v2\/tags?post=164643"}],"curies":[{"name":"wp","href":"https:\/\/api.w.org\/{rel}","templated":true}]}}