{"id":164659,"date":"2015-05-29T15:45:59","date_gmt":"2015-05-29T13:45:59","guid":{"rendered":"http:\/\/www.radioluna.it\/news\/?p=164659"},"modified":"2015-05-29T15:45:59","modified_gmt":"2015-05-29T13:45:59","slug":"festa-della-legalita-in-ricordo-di-don-cesare-boschin","status":"publish","type":"post","link":"https:\/\/www.radioluna.it\/news\/2015\/05\/festa-della-legalita-in-ricordo-di-don-cesare-boschin\/","title":{"rendered":"Festa della legalit\u00e0 in ricordo di Don Cesare Boschin"},"content":{"rendered":"<div id=\"fb-root\"><\/div>\n<p style=\"text-align: justify;\"><strong><img loading=\"lazy\" decoding=\"async\" class=\"alignleft size-medium wp-image-164660\" src=\"http:\/\/www.radioluna.it\/news\/wp-content\/uploads\/2015\/05\/Locandina-300x300.jpg\" alt=\"Locandina\" width=\"300\" height=\"300\" \/>LATINA &#8211;<\/strong> Si terr\u00e0 domani la giornata conclusiva della prima edizione del Premio della Legalit\u00e0 Citt\u00e0 di Latina intitolato alla memoria di Don Cesare Boschin. Nel ventesimo anniversario della morte del parroco, per ricordare la figura e il sacrificio di Don Cesare \u201ccolpevole\u201d di aver denunciato per primo il traffico illecito di rifiuti e droga nella discarica di Borgo Montello, le associazioni Borghi dell&#8217;Ovest e Libera, con il contributo del comune di Latina, hanno promosso un concorso che ha coinvolto gli studenti dell\u2019istituto comprensivo Prampolini di Borgo Podgora e dei plessi dei borghi nord con l\u2019intento di sensibilizzarli sui temi della legalit\u00e0 e della giustizia. Per circa due mesi i ragazzi, seguiti passo passo dai giovani di Libera, hanno lavorato alla produzione di video, cartelloni, radiocronache, opere legate alle tematiche proposte.<\/p>\n<p style=\"text-align: justify;\">I lavori saranno esposti e presentati a partire dalle 18.00 di domani nei locali dell\u2019ex Granaio di Montello, nell\u2019area del centro storico della Conca. Seguir\u00e0 la cerimonia di proclamazione dei vincitori durante la quale interverranno, tra gli altri, il questore di Latina Giuseppe De Matteis e il segretario dell\u2019Associazione nazionale magistrati sezione di Latina Daria Monsurr\u00f2. I lavori si apriranno con il ricordo di Don Cesare Boschin. Dopo la premiazione, invece, verr\u00e0 proiettato il promo del documentario &#8220;Monte Inferno&#8221; realizzato da Patrizia Santangeli, a seguire l\u2019intervento di Gianpiero Cioffredi, presidente dell\u2019Osservatorio per la sicurezza e la legalit\u00e0 delle Regione Lazio. La serata proseguir\u00e0 nello spazio antistante l\u2019ex Granaio con il concerto della band reggae dei Verrospia e gustando panini e bibite presso lo stand gastronomico allestito per l\u2019occasione dal Comitato Festeggiamenti di Borgo Montello.<\/p>\n<p style=\"text-align: justify;\">\u00abGli alunni che hanno partecipato al concorso hanno risposto al nostro appello con entusiasmo dimostrando grande sensibilit\u00e0 e di aver recepito il messaggio lanciato attraverso il Premio, che gli \u00e8 stato proposto anche perch\u00e9 conoscessero la storia del territorio in cui vivono a partire dall\u2019impegno di Don Cesare Boschin per la tutela degli interessi della comunit\u00e0 di Montello, un impegno che il parroco ha pagato con la vita. Don Cesare ci ha lasciato un esempio, vogliamo farne tesoro continuando a lavorare per questa comunit\u00e0, per emanciparla dai lacci e dalle servit\u00f9 che ne hanno impedito lo sviluppo\u00bb.<\/p>\n","protected":false},"excerpt":{"rendered":"<p>LATINA &#8211; Si terr\u00e0 domani la giornata conclusiva della prima edizione del Premio della Legalit\u00e0 Citt\u00e0 di Latina intitolato alla memoria di Don Cesare Boschin. Nel ventesimo anniversario della morte del parroco, per ricordare la figura e il sacrificio di Don Cesare \u201ccolpevole\u201d di aver denunciato per primo il traffico illecito di rifiuti e droga [&hellip;]<\/p>\n","protected":false},"author":60,"featured_media":0,"comment_status":"open","ping_status":"closed","sticky":false,"template":"","format":"standard","meta":{"footnotes":""},"categories":[16],"tags":[],"class_list":["post-164659","post","type-post","status-publish","format-standard","hentry","category-appuntamenti"],"_links":{"self":[{"href":"https:\/\/www.radioluna.it\/news\/wp-json\/wp\/v2\/posts\/164659","targetHints":{"allow":["GET"]}}],"collection":[{"href":"https:\/\/www.radioluna.it\/news\/wp-json\/wp\/v2\/posts"}],"about":[{"href":"https:\/\/www.radioluna.it\/news\/wp-json\/wp\/v2\/types\/post"}],"author":[{"embeddable":true,"href":"https:\/\/www.radioluna.it\/news\/wp-json\/wp\/v2\/users\/60"}],"replies":[{"embeddable":true,"href":"https:\/\/www.radioluna.it\/news\/wp-json\/wp\/v2\/comments?post=164659"}],"version-history":[{"count":0,"href":"https:\/\/www.radioluna.it\/news\/wp-json\/wp\/v2\/posts\/164659\/revisions"}],"wp:attachment":[{"href":"https:\/\/www.radioluna.it\/news\/wp-json\/wp\/v2\/media?parent=164659"}],"wp:term":[{"taxonomy":"category","embeddable":true,"href":"https:\/\/www.radioluna.it\/news\/wp-json\/wp\/v2\/categories?post=164659"},{"taxonomy":"post_tag","embeddable":true,"href":"https:\/\/www.radioluna.it\/news\/wp-json\/wp\/v2\/tags?post=164659"}],"curies":[{"name":"wp","href":"https:\/\/api.w.org\/{rel}","templated":true}]}}