{"id":164694,"date":"2015-05-30T10:52:03","date_gmt":"2015-05-30T08:52:03","guid":{"rendered":"http:\/\/www.radioluna.it\/news\/?p=164694"},"modified":"2015-05-30T10:53:33","modified_gmt":"2015-05-30T08:53:33","slug":"blocco-degli-scrutini-al-bianchini-di-terracina","status":"publish","type":"post","link":"https:\/\/www.radioluna.it\/news\/2015\/05\/blocco-degli-scrutini-al-bianchini-di-terracina\/","title":{"rendered":"Blocco degli scrutini al Bianchini di Terracina"},"content":{"rendered":"<div id=\"fb-root\"><\/div>\n<p style=\"text-align: justify;\"><img loading=\"lazy\" decoding=\"async\" class=\"alignleft size-full wp-image-164695\" src=\"http:\/\/www.radioluna.it\/news\/wp-content\/uploads\/2015\/05\/buona-scuola-renzi.jpg\" alt=\"buona scuola renzi\" width=\"299\" height=\"168\" \/><strong>TERRACINA<\/strong> &#8211; All&#8217;Itis Bianchini di Terracina la protesta contro la riforma della scuola si fa dura: i professori hanno indetto\u00a0\u00a0il blocco degli scrutini.<\/p>\n<p style=\"text-align: justify;\">&#8220;Secondo quanto previsto dall\u2019accordo sull\u2019attuazione della legge 146\/90 allegato al CCNL\/99 &#8211; spiegano in una nota &#8211; i professori faranno sciopero breve, un\u2019ora per tutti gli scrutini di ciascuna delle classi non interessate agli esami conclusivi del ciclo scolastico&#8221;. La misura di protesta \u00e8 quella suggerita dalle sigle sindacali GILDA, FLC CGIL, CISL Scuola, UIL Scuola e SNALS, nel quadro delle iniziative di dissenso &#8220;in difesa della scuola pubblica e democratica, della libert\u00e0 di insegnamento, delle assunzioni per concorso pubblico e l\u2019oggettivit\u00e0 delle graduatorie; contro l\u2019incostituzionalit\u00e0 della chiamata diretta del Preside manager, i contratti triennali e gli albi territoriali, la perdita della titolarit\u00e0 di cattedra per gli insegnanti che, perdenti posto, finiranno negli albi territoriali, l\u2019ulteriore precarizzazione dei tanti giovani che hanno diritto ad un lavoro stabile nella scuola&#8221;, si legge in una nota.<\/p>\n<p style=\"text-align: justify;\"><strong>ASSEMBLEA PUBBLICA PER SPIEGARE<\/strong> &#8211; Per spiegare meglio alle famiglie e pi\u00f9 in generale ai \u00a0cittadini le ragioni della protesta, gli insegnanti del Bianchini parleranno in un&#8217; assemblea pubblica che si terr\u00e0 luned\u00ec prossimo, primo giugno nell&#8217;aula magna dell\u2019Istituto alle \u00a017,30.<br \/>\nInoltre, nella giornata di venerd\u00ec 5 giugno, con inizio alle ore 21, nelle piazze di molte citt\u00e0 italiane si svolger\u00e0 in contemporanea una iniziativa di protesta dal titolo \u201cLa cultura in piazza\u201d.<\/p>\n","protected":false},"excerpt":{"rendered":"<p>TERRACINA &#8211; All&#8217;Itis Bianchini di Terracina la protesta contro la riforma della scuola si fa dura: i professori hanno indetto\u00a0\u00a0il blocco degli scrutini. &#8220;Secondo quanto previsto dall\u2019accordo sull\u2019attuazione della legge 146\/90 allegato al CCNL\/99 &#8211; spiegano in una nota &#8211; i professori faranno sciopero breve, un\u2019ora per tutti gli scrutini di ciascuna delle classi non [&hellip;]<\/p>\n","protected":false},"author":62,"featured_media":164695,"comment_status":"open","ping_status":"closed","sticky":false,"template":"","format":"standard","meta":{"footnotes":""},"categories":[248],"tags":[],"class_list":["post-164694","post","type-post","status-publish","format-standard","has-post-thumbnail","hentry","category-istruzione"],"_links":{"self":[{"href":"https:\/\/www.radioluna.it\/news\/wp-json\/wp\/v2\/posts\/164694","targetHints":{"allow":["GET"]}}],"collection":[{"href":"https:\/\/www.radioluna.it\/news\/wp-json\/wp\/v2\/posts"}],"about":[{"href":"https:\/\/www.radioluna.it\/news\/wp-json\/wp\/v2\/types\/post"}],"author":[{"embeddable":true,"href":"https:\/\/www.radioluna.it\/news\/wp-json\/wp\/v2\/users\/62"}],"replies":[{"embeddable":true,"href":"https:\/\/www.radioluna.it\/news\/wp-json\/wp\/v2\/comments?post=164694"}],"version-history":[{"count":0,"href":"https:\/\/www.radioluna.it\/news\/wp-json\/wp\/v2\/posts\/164694\/revisions"}],"wp:featuredmedia":[{"embeddable":true,"href":"https:\/\/www.radioluna.it\/news\/wp-json\/wp\/v2\/media\/164695"}],"wp:attachment":[{"href":"https:\/\/www.radioluna.it\/news\/wp-json\/wp\/v2\/media?parent=164694"}],"wp:term":[{"taxonomy":"category","embeddable":true,"href":"https:\/\/www.radioluna.it\/news\/wp-json\/wp\/v2\/categories?post=164694"},{"taxonomy":"post_tag","embeddable":true,"href":"https:\/\/www.radioluna.it\/news\/wp-json\/wp\/v2\/tags?post=164694"}],"curies":[{"name":"wp","href":"https:\/\/api.w.org\/{rel}","templated":true}]}}