{"id":164859,"date":"2015-06-05T14:12:35","date_gmt":"2015-06-05T12:12:35","guid":{"rendered":"http:\/\/www.radioluna.it\/news\/?p=164859"},"modified":"2015-06-09T08:46:05","modified_gmt":"2015-06-09T06:46:05","slug":"mark-iuliano-vola-a-berlino-per-la-finale-di-champions","status":"publish","type":"post","link":"https:\/\/www.radioluna.it\/news\/2015\/06\/mark-iuliano-vola-a-berlino-per-la-finale-di-champions\/","title":{"rendered":"Mark Iuliano vola a Berlino per la finale di Champions"},"content":{"rendered":"<div id=\"fb-root\"><\/div>\n<div id=\"attachment_164860\" style=\"width: 475px\" class=\"wp-caption aligncenter\"><img loading=\"lazy\" decoding=\"async\" aria-describedby=\"caption-attachment-164860\" class=\"wp-image-164860 size-full\" src=\"http:\/\/www.radioluna.it\/news\/wp-content\/uploads\/2015\/06\/iuliano1.jpg\" alt=\"iuliano\" width=\"465\" height=\"345\" srcset=\"https:\/\/www.radioluna.it\/news\/wp-content\/uploads\/2015\/06\/iuliano1.jpg 465w, https:\/\/www.radioluna.it\/news\/wp-content\/uploads\/2015\/06\/iuliano1-300x223.jpg 300w\" sizes=\"auto, (max-width: 465px) 100vw, 465px\" \/><p id=\"caption-attachment-164860\" class=\"wp-caption-text\">Mark Iuliano alcuni anni fa in maglia bianconera<\/p><\/div>\n<p style=\"text-align: justify;\"><strong>LATINA<\/strong> &#8211; Da Latina a Barcellona per seguire la sua Juventus. L&#8217;allenatore del Latina e ex difensore bianconero, \u00e8 in volo per Berlino dove assister\u00e0 domani alla finale di Champion tra la squadra del blasonato club italiano e Barcellona.<\/p>\n<p style=\"text-align: justify;\">A bordo del suo stesso volo della Vueling ci sono il vice presidente dell&#8217;Uefa, Giancarlo Abete e il team manager della Roma, Antonio Tempestilli: &#8216;Dispiace per l&#8217;infortunio di Giorgio Chiellini ma sar\u00e0 sicuramente sostituito degnamente da altri compagni &#8211; sottolinea il ct appena confermato del Latina &#8211; Da tifoso juventino sono fiducioso, la squadra \u00e8 preparata per lottare e cercare di vincere. \u00c8 una partita secca e la Juve \u00e8 abituata a giocare match del genere; sicuramente far\u00e0 valere il suo spirito, che \u00e8 forte, e la voglia di raggiungere un traguardo impensabile fino a poco tempo fa&#8221;.<\/p>\n<p style=\"text-align: justify;\">A Fiumicino in partenza oggi c&#8217;\u00e8\u00a0la delegazione italiana che comprende, tra gli altri, anche il Presidente della Federazione gioco calcio, Tavecchio, il \u00a0consigliere federale e presidente della Lazio, Claudio Lotito e il presidente della Lega italiana calcio, Mario Macalli.<\/p>\n","protected":false},"excerpt":{"rendered":"<p>LATINA &#8211; Da Latina a Barcellona per seguire la sua Juventus. L&#8217;allenatore del Latina e ex difensore bianconero, \u00e8 in volo per Berlino dove assister\u00e0 domani alla finale di Champion tra la squadra del blasonato club italiano e Barcellona. A bordo del suo stesso volo della Vueling ci sono il vice presidente dell&#8217;Uefa, Giancarlo Abete [&hellip;]<\/p>\n","protected":false},"author":62,"featured_media":164860,"comment_status":"open","ping_status":"closed","sticky":false,"template":"","format":"standard","meta":{"footnotes":""},"categories":[17],"tags":[],"class_list":["post-164859","post","type-post","status-publish","format-standard","has-post-thumbnail","hentry","category-sport"],"_links":{"self":[{"href":"https:\/\/www.radioluna.it\/news\/wp-json\/wp\/v2\/posts\/164859","targetHints":{"allow":["GET"]}}],"collection":[{"href":"https:\/\/www.radioluna.it\/news\/wp-json\/wp\/v2\/posts"}],"about":[{"href":"https:\/\/www.radioluna.it\/news\/wp-json\/wp\/v2\/types\/post"}],"author":[{"embeddable":true,"href":"https:\/\/www.radioluna.it\/news\/wp-json\/wp\/v2\/users\/62"}],"replies":[{"embeddable":true,"href":"https:\/\/www.radioluna.it\/news\/wp-json\/wp\/v2\/comments?post=164859"}],"version-history":[{"count":0,"href":"https:\/\/www.radioluna.it\/news\/wp-json\/wp\/v2\/posts\/164859\/revisions"}],"wp:featuredmedia":[{"embeddable":true,"href":"https:\/\/www.radioluna.it\/news\/wp-json\/wp\/v2\/media\/164860"}],"wp:attachment":[{"href":"https:\/\/www.radioluna.it\/news\/wp-json\/wp\/v2\/media?parent=164859"}],"wp:term":[{"taxonomy":"category","embeddable":true,"href":"https:\/\/www.radioluna.it\/news\/wp-json\/wp\/v2\/categories?post=164859"},{"taxonomy":"post_tag","embeddable":true,"href":"https:\/\/www.radioluna.it\/news\/wp-json\/wp\/v2\/tags?post=164859"}],"curies":[{"name":"wp","href":"https:\/\/api.w.org\/{rel}","templated":true}]}}