{"id":164862,"date":"2015-06-05T15:33:22","date_gmt":"2015-06-05T13:33:22","guid":{"rendered":"http:\/\/www.radioluna.it\/news\/?p=164862"},"modified":"2015-06-08T07:02:22","modified_gmt":"2015-06-08T05:02:22","slug":"il-giorno-dopo-la-sfiducia-lira-di-giorgia-meloni-forza-italia-nelle-mani-di-ras-locali","status":"publish","type":"post","link":"https:\/\/www.radioluna.it\/news\/2015\/06\/il-giorno-dopo-la-sfiducia-lira-di-giorgia-meloni-forza-italia-nelle-mani-di-ras-locali\/","title":{"rendered":"Il giorno dopo la sfiducia, l&#8217;ira di Giorgia Meloni: &#8220;Forza Italia nelle mani di ras locali&#8221;"},"content":{"rendered":"<div id=\"fb-root\"><\/div>\n<p style=\"text-align: justify;\"><strong><img loading=\"lazy\" decoding=\"async\" class=\"aligncenter size-thumbnail wp-image-164863\" src=\"http:\/\/www.radioluna.it\/news\/wp-content\/uploads\/2015\/06\/PROVINCIALISTA_20150604_0010-635x424.jpg\" alt=\"PROVINCIALISTA_20150604_0010\" width=\"635\" height=\"424\" srcset=\"https:\/\/www.radioluna.it\/news\/wp-content\/uploads\/2015\/06\/PROVINCIALISTA_20150604_0010-635x424.jpg 635w, https:\/\/www.radioluna.it\/news\/wp-content\/uploads\/2015\/06\/PROVINCIALISTA_20150604_0010-768x512.jpg 768w, https:\/\/www.radioluna.it\/news\/wp-content\/uploads\/2015\/06\/PROVINCIALISTA_20150604_0010-500x333.jpg 500w, https:\/\/www.radioluna.it\/news\/wp-content\/uploads\/2015\/06\/PROVINCIALISTA_20150604_0010-600x400.jpg 600w, https:\/\/www.radioluna.it\/news\/wp-content\/uploads\/2015\/06\/PROVINCIALISTA_20150604_0010-300x200.jpg 300w, https:\/\/www.radioluna.it\/news\/wp-content\/uploads\/2015\/06\/PROVINCIALISTA_20150604_0010-1024x683.jpg 1024w, https:\/\/www.radioluna.it\/news\/wp-content\/uploads\/2015\/06\/PROVINCIALISTA_20150604_0010-800x534.jpg 800w, https:\/\/www.radioluna.it\/news\/wp-content\/uploads\/2015\/06\/PROVINCIALISTA_20150604_0010.jpg 1000w\" sizes=\"auto, (max-width: 635px) 100vw, 635px\" \/>LATINA<\/strong> &#8211;\u00a0Il giorno dopo la sfiducia al sindaco Giovanni Di Giorgi, Latina attende la nomina del commissario prefettizio che possa prendere in mano le redini della citt\u00e0 e risolvere i tanti problemi lasciati sul terreno da una crisi lunga e sfibrante e dall&#8217;impasse su questioni fondamentali. La nomina \u00e8 attesa nelle prossime ore al massimo per luned\u00ec.<\/p>\n<p style=\"text-align: justify;\">&#8220;E&#8217; la sconfitta della politica e la fine di questo centrodestra&#8221;, \u00a0ha detto Giovanni Di Giorgi nel suo discorso \u00a0al termine del quale \u00e8 apparso sollevato, liberato da un peso. &#8220;Noi faremo la nostra strada, io non smetter\u00f2 di fare politica, ma non ci sar\u00e0 una mia nuova candidatura a sindaco&#8221;, ha aggiunto parlando con la stampa.<\/p>\n<p style=\"text-align: justify;\">E oggi \u00e8 il giorno dell&#8217;ira, su tutte quella del segretario nazionale di Fratelli D&#8217;Italia, Giorgia Meloni: &#8220;Quello che \u00e8 accaduto al Comune di\u00a0Latina\u00a0\u00e8 l&#8217;ulteriore dimostrazione che Forza Italia \u00e8 nelle mani di ras locali totalmente disinteressati al futuro del centrodestra. Analogo copione era stato recitato poche settimane prima a Terracina, nella stessa provincia e con identici attori protagonisti. Dietro queste crisi amministrative, nessuna ragione politica ma solo squallide lottizzazioni e spartizioni di poltrone. Quindi, delle due l&#8217;una: o Silvio Berlusconi sapeva ed ha avallato questa ennesima porcata del suo coordinatore regionale; o Forza Italia semplicemente un partito che non esiste, dove ogni banda capeggiata da questo o quel guappetto fa quello che gli pare. Per la Meloni &#8220;se in queste ore non arriveranno chiari segnali di condanna, il centrodestra \u00e8 finito\u00bb.<br \/>\nI toni sono alti nel partito dell&#8217;ex primo cittadino, con il deputato di Fratelli D&#8217;Italia Pasquale Maietta che pubblica un lungo post su Fb e promette ai lettori: &#8220;Domani vi aggiorno, certo non si manda a casa un sindaco senza avere nulla in cambio, non vi preoccupate hanno avuto ed avranno&#8221;, scrive non certo velatamente riferendosi ai consiglieri di Forza Italia.<\/p>\n<p style=\"text-align: justify;\">Tra gli Azzurri risponde alla Meloni il coordinatore provinciale Alessandro Calvi &#8220;Chi non \u00e8 mai stato autonomo rispetto ai ras romani \u00e8 l\u2019ex sindaco Di Giorgi che per decidere i nomi dei suoi assessori \u00e8 corso nella\u00a0 Capitale a chiedere indicazioni alla Meloni preferendo basse logiche di partito alla possibilit\u00e0 di dare spazio alle professionalit\u00e0 locali. Dove era la Meloni quando Forza Italia \u00e8 stata messa all&#8217;opposizione a Terracina prima e a Latina dopo? Dove era la sua fede incrollabile nella lealt\u00e0 e nella condanna di chi gira le spalle alle alleanze e ai cittadini?&#8221;<\/p>\n<p style=\"text-align: justify;\">Il coordinatore regionale Claudio Fazzone, considerato il vero deus ex machina di questa sfiducia si preoccupa in queste ore di Mafia Capitale e allontana Luca Gramazio e Giordano Tredicine da Forza Italia.<\/p>\n<p style=\"text-align: justify;\">Non accetta critiche il Pd. \u00a0&#8220;Latina \u00e8 finalmente libera dal disastro amministrativo della peggiore Esperienza di governo della sua storia&#8221;, scrive su Fb il senatore Claudio Moscardelli. Per il capogruppo del Pd Alessandro Cozzolino &#8220;l&#8217;amministrazione \u00e8 stata pessima e bisognava mandarla casa&#8221;.<\/p>\n<p style=\"text-align: justify;\">&#8220;Secondo una fetta dell&#8217;opinione pubblica cittadina, sempre pi\u00f9 sottile, avremmo dovuto salvare Di Giorgi pur di fare un dispetto a Fazzone &#8211; dice de Giorgio Marchis del Pd &#8211; Invece abbiamo scelto di fare un favore a Latina mandando a casa un Sindaco, una Giunta e una maggioranza che hanno ridotto la citt\u00e0 allo stato penoso nel quale si trova&#8221;.<\/p>\n","protected":false},"excerpt":{"rendered":"<p>LATINA &#8211;\u00a0Il giorno dopo la sfiducia al sindaco Giovanni Di Giorgi, Latina attende la nomina del commissario prefettizio che possa prendere in mano le redini della citt\u00e0 e risolvere i tanti problemi lasciati sul terreno da una crisi lunga e sfibrante e dall&#8217;impasse su questioni fondamentali. La nomina \u00e8 attesa nelle prossime ore al massimo [&hellip;]<\/p>\n","protected":false},"author":62,"featured_media":164863,"comment_status":"open","ping_status":"closed","sticky":false,"template":"","format":"standard","meta":{"footnotes":""},"categories":[8],"tags":[],"class_list":["post-164862","post","type-post","status-publish","format-standard","has-post-thumbnail","hentry","category-politica"],"_links":{"self":[{"href":"https:\/\/www.radioluna.it\/news\/wp-json\/wp\/v2\/posts\/164862","targetHints":{"allow":["GET"]}}],"collection":[{"href":"https:\/\/www.radioluna.it\/news\/wp-json\/wp\/v2\/posts"}],"about":[{"href":"https:\/\/www.radioluna.it\/news\/wp-json\/wp\/v2\/types\/post"}],"author":[{"embeddable":true,"href":"https:\/\/www.radioluna.it\/news\/wp-json\/wp\/v2\/users\/62"}],"replies":[{"embeddable":true,"href":"https:\/\/www.radioluna.it\/news\/wp-json\/wp\/v2\/comments?post=164862"}],"version-history":[{"count":0,"href":"https:\/\/www.radioluna.it\/news\/wp-json\/wp\/v2\/posts\/164862\/revisions"}],"wp:featuredmedia":[{"embeddable":true,"href":"https:\/\/www.radioluna.it\/news\/wp-json\/wp\/v2\/media\/164863"}],"wp:attachment":[{"href":"https:\/\/www.radioluna.it\/news\/wp-json\/wp\/v2\/media?parent=164862"}],"wp:term":[{"taxonomy":"category","embeddable":true,"href":"https:\/\/www.radioluna.it\/news\/wp-json\/wp\/v2\/categories?post=164862"},{"taxonomy":"post_tag","embeddable":true,"href":"https:\/\/www.radioluna.it\/news\/wp-json\/wp\/v2\/tags?post=164862"}],"curies":[{"name":"wp","href":"https:\/\/api.w.org\/{rel}","templated":true}]}}