{"id":164887,"date":"2015-06-06T09:16:54","date_gmt":"2015-06-06T07:16:54","guid":{"rendered":"http:\/\/www.radioluna.it\/news\/?p=164887"},"modified":"2015-06-09T08:25:45","modified_gmt":"2015-06-09T06:25:45","slug":"dopo-la-sfiducia-comune-di-latina-senza-sindaco-e-senza-dirigenti","status":"publish","type":"post","link":"https:\/\/www.radioluna.it\/news\/2015\/06\/dopo-la-sfiducia-comune-di-latina-senza-sindaco-e-senza-dirigenti\/","title":{"rendered":"Dopo la sfiducia Comune di Latina senza sindaco e senza dirigenti"},"content":{"rendered":"<div id=\"fb-root\"><\/div>\n<div id=\"attachment_156952\" style=\"width: 645px\" class=\"wp-caption aligncenter\"><img loading=\"lazy\" decoding=\"async\" aria-describedby=\"caption-attachment-156952\" class=\"size-thumbnail wp-image-156952\" src=\"http:\/\/www.radioluna.it\/news\/wp-content\/uploads\/2014\/10\/20141023_123408-635x357.jpg\" alt=\"Il Sindaco di Latina Giovanni di Giorgi con il segretario comunale Pasquale Russo\" width=\"635\" height=\"357\" srcset=\"https:\/\/www.radioluna.it\/news\/wp-content\/uploads\/2014\/10\/20141023_123408-635x357.jpg 635w, https:\/\/www.radioluna.it\/news\/wp-content\/uploads\/2014\/10\/20141023_123408-300x169.jpg 300w, https:\/\/www.radioluna.it\/news\/wp-content\/uploads\/2014\/10\/20141023_123408-768x432.jpg 768w, https:\/\/www.radioluna.it\/news\/wp-content\/uploads\/2014\/10\/20141023_123408-500x281.jpg 500w, https:\/\/www.radioluna.it\/news\/wp-content\/uploads\/2014\/10\/20141023_123408-1024x576.jpg 1024w, https:\/\/www.radioluna.it\/news\/wp-content\/uploads\/2014\/10\/20141023_123408-800x450.jpg 800w, https:\/\/www.radioluna.it\/news\/wp-content\/uploads\/2014\/10\/20141023_123408.jpg 1000w\" sizes=\"auto, (max-width: 635px) 100vw, 635px\" \/><p id=\"caption-attachment-156952\" class=\"wp-caption-text\">Il Sindaco di Latina Giovanni di Giorgi con il segretario comunale Pasquale Russo<\/p><\/div>\n<p align=\"JUSTIFY\"><span style=\"color: #333333;\"><span style=\"font-family: Georgia, 'Times New Roman', 'Bitstream Charter', Times, serif;\"><span style=\"font-size: medium;\"><strong>LATINA<\/strong> &#8211; Ufficialmente il nome si conoscer\u00e0 luned\u00ec, ma circolano gi\u00e0 indiscrezioni sul commissario prefettizio che sar\u00e0 chiamato a governare Latina dopo la sfiducia al sindaco Giovanni Di Giorgi. Il quotidiano Il Messaggero avanza oggi il nome di Giacomo Barbato, gi\u00e0 prefetto a Belluno e proveniente da un&#8217;esperienza recente di commissario. <\/span><\/span><\/span><\/p>\n<p align=\"JUSTIFY\"><span style=\"color: #333333;\"><span style=\"font-family: Georgia, 'Times New Roman', 'Bitstream Charter', Times, serif;\"><span style=\"font-size: medium;\"><strong>COMUNE SENZA DIRIGENTI<\/strong> \u00a0&#8211; Intanto in Comune il segretario generale, Pasquale Russo ha azzerato gli incarichi dirigenziali conferiti dal sindaco nell&#8217;ultima parte del governo, perch\u00e9 destinati a rimanere in vita fino aal termine del mandato sindacale. Il provvedimento, che mette i dirigenti in una sorta di limbo in attesa delle nuove assegnazioni da parte del commissario prefettizio, \u00e8 entrato in vigore con effetto immediato. Restano in carica solo il dirigente al Bilancio, assunto ad hoc, e il comandante della polizia municipale anche lui con un ruolo specifico. \u00a0<\/span><\/span><\/span><\/p>\n<p align=\"JUSTIFY\"><span style=\"color: #333333;\"><span style=\"font-family: Georgia, 'Times New Roman', 'Bitstream Charter', Times, serif;\"><span style=\"font-size: medium;\">Ieri Di Giorgi e i suoi pi\u00f9 stretti collaboratori \u00a0hanno anche lasciato gli uffici di Piazza del Popolo e per la prima volta in un&#8217;occasione ufficiale l&#8217;ex primo cittadino del capoluogo, privo della\u00a0fascia tricolore, \u00a0ha preso parte alla festa dei carabinieri in Piazza del Popolo.<\/span><\/span><\/span><\/p>\n<p align=\"JUSTIFY\"><span style=\"color: #333333;\"><span style=\"font-family: Georgia, 'Times New Roman', 'Bitstream Charter', Times, serif;\"><span style=\"font-size: medium;\"><span style=\"color: #000000;\"><strong>I VELENI<\/strong> &#8211; sul piano politico le accuse reciproche tra i partiti non si fermano. All&#8217;ira di Giorgia Meloni che ha accusato Fi di essere in mano a ras locali, ha fatto eco il coordinatore provinciale degli Azzurri Alessandro Calvi: &#8220;Camminiamo a testa alta per la citt\u00e0 &#8211; ha detto &#8211;\u00a0chi non \u00e8 mai stata autonomo rispetto ai ras romani \u00e8 Di Giorgi&#8221;<\/span><\/span><\/span><\/span><\/p>\n<p align=\"JUSTIFY\"><span style=\"color: #333333;\"><span style=\"font-family: Georgia, 'Times New Roman', 'Bitstream Charter', Times, serif;\"><span style=\"font-size: medium;\">I toni restano alti e la citt\u00e0 priva di guida continua ad assistere ai litigi dei personaggi politici che hanno di fatto abdicato al loro ruolo, consegnandola a dieci mesi di gestione commissariale. <\/span><\/span><\/span><\/p>\n<div><strong>LA FINE DEL VENTENNIO <\/strong>\u00a0&#8211; &#8220;La caduta dell\u2019amministrazione comunale di Latina chiude definitivamente lo sciagurato ventennio della destra nella nostra provincia &#8211; \u00a0dichiara il consigliere regionale del Pd Enrico Forte che aggiunge &#8211; \u00a0Forza Italia si conferma il partito della crisi, anzi, delle crisi: per la seconda volta viene sfiduciato un Sindaco facendo rallentare ancora una volta il processo di crescita della citt\u00e0.\u00a0La citt\u00e0 ha vissuto mesi difficile, ed in questo clima di incertezza un plauso va alla coerenza di tutto il gruppo consiliare, che ha avuto il coraggio di condurre una battaglia senza fare sconti a nessuno per cancellare le brutte pagine scritte da Di Giorgi e soci, aprendo una fase nuova, di speranza per tutti\u00bb.<\/div>\n<p align=\"JUSTIFY\"><strong>&#8220;INTERVENGA LA MAGISTRATURA&#8221;<\/strong> &#8211; \u00a0\u00abLo scioglimento del comune di <span class=\"highlight\">Latina<\/span> \u00e8 un fatto gravissimo, che segue quello altrettanto grave di Terracina. Forza Italia, a <span class=\"highlight\">Latina<\/span>, sembra pi\u00f9 impegnata a distruggere ci\u00f2 che resta del centrodestra che a dare risposte ai cittadini &#8211; \u00a0dichiara Marco Marsilio, portavoce regionale di Fratelli d&#8217;Italia &#8211; Alleanza nazionale che si rivolge alla Magistratura dicendo: &#8220;Dovrebbe meglio indagare i motivi che sono dietro all&#8217;improvviso scioglimento di due grandi comuni della provincia, pianificato ed eseguito da Forza Italia e Pd in un singolare e sospetto accordo politico innaturale, al fine di modificare gli equilibri nell&#8217;assemblea dei soci di Acqua<span class=\"highlight\">latina&#8221;<\/span>.<\/p>\n","protected":false},"excerpt":{"rendered":"<p>LATINA &#8211; Ufficialmente il nome si conoscer\u00e0 luned\u00ec, ma circolano gi\u00e0 indiscrezioni sul commissario prefettizio che sar\u00e0 chiamato a governare Latina dopo la sfiducia al sindaco Giovanni Di Giorgi. Il quotidiano Il Messaggero avanza oggi il nome di Giacomo Barbato, gi\u00e0 prefetto a Belluno e proveniente da un&#8217;esperienza recente di commissario. COMUNE SENZA DIRIGENTI \u00a0&#8211; [&hellip;]<\/p>\n","protected":false},"author":62,"featured_media":156952,"comment_status":"open","ping_status":"closed","sticky":false,"template":"","format":"standard","meta":{"footnotes":""},"categories":[8],"tags":[],"class_list":["post-164887","post","type-post","status-publish","format-standard","has-post-thumbnail","hentry","category-politica"],"_links":{"self":[{"href":"https:\/\/www.radioluna.it\/news\/wp-json\/wp\/v2\/posts\/164887","targetHints":{"allow":["GET"]}}],"collection":[{"href":"https:\/\/www.radioluna.it\/news\/wp-json\/wp\/v2\/posts"}],"about":[{"href":"https:\/\/www.radioluna.it\/news\/wp-json\/wp\/v2\/types\/post"}],"author":[{"embeddable":true,"href":"https:\/\/www.radioluna.it\/news\/wp-json\/wp\/v2\/users\/62"}],"replies":[{"embeddable":true,"href":"https:\/\/www.radioluna.it\/news\/wp-json\/wp\/v2\/comments?post=164887"}],"version-history":[{"count":0,"href":"https:\/\/www.radioluna.it\/news\/wp-json\/wp\/v2\/posts\/164887\/revisions"}],"wp:featuredmedia":[{"embeddable":true,"href":"https:\/\/www.radioluna.it\/news\/wp-json\/wp\/v2\/media\/156952"}],"wp:attachment":[{"href":"https:\/\/www.radioluna.it\/news\/wp-json\/wp\/v2\/media?parent=164887"}],"wp:term":[{"taxonomy":"category","embeddable":true,"href":"https:\/\/www.radioluna.it\/news\/wp-json\/wp\/v2\/categories?post=164887"},{"taxonomy":"post_tag","embeddable":true,"href":"https:\/\/www.radioluna.it\/news\/wp-json\/wp\/v2\/tags?post=164887"}],"curies":[{"name":"wp","href":"https:\/\/api.w.org\/{rel}","templated":true}]}}