{"id":164936,"date":"2015-06-08T08:57:23","date_gmt":"2015-06-08T06:57:23","guid":{"rendered":"http:\/\/www.radioluna.it\/news\/?p=164936"},"modified":"2015-06-08T08:57:23","modified_gmt":"2015-06-08T06:57:23","slug":"mad-compie-10-anni-brindisi-con-roberta-pugno","status":"publish","type":"post","link":"https:\/\/www.radioluna.it\/news\/2015\/06\/mad-compie-10-anni-brindisi-con-roberta-pugno\/","title":{"rendered":"Mad compie 10 anni, brindisi con Roberta Pugno"},"content":{"rendered":"<div id=\"fb-root\"><\/div>\n<p style=\"text-align: justify;\"><img loading=\"lazy\" decoding=\"async\" class=\"aligncenter size-thumbnail wp-image-164939\" src=\"http:\/\/www.radioluna.it\/news\/wp-content\/uploads\/2015\/06\/Screenshot-2015-06-07-18.06.531-1-635x453.jpg\" alt=\"Screenshot 2015-06-07 18.06.53[1]-1\" width=\"635\" height=\"453\" srcset=\"https:\/\/www.radioluna.it\/news\/wp-content\/uploads\/2015\/06\/Screenshot-2015-06-07-18.06.531-1-635x453.jpg 635w, https:\/\/www.radioluna.it\/news\/wp-content\/uploads\/2015\/06\/Screenshot-2015-06-07-18.06.531-1-768x548.jpg 768w, https:\/\/www.radioluna.it\/news\/wp-content\/uploads\/2015\/06\/Screenshot-2015-06-07-18.06.531-1-500x357.jpg 500w, https:\/\/www.radioluna.it\/news\/wp-content\/uploads\/2015\/06\/Screenshot-2015-06-07-18.06.531-1-300x214.jpg 300w, https:\/\/www.radioluna.it\/news\/wp-content\/uploads\/2015\/06\/Screenshot-2015-06-07-18.06.531-1-1024x731.jpg 1024w, https:\/\/www.radioluna.it\/news\/wp-content\/uploads\/2015\/06\/Screenshot-2015-06-07-18.06.531-1-800x571.jpg 800w, https:\/\/www.radioluna.it\/news\/wp-content\/uploads\/2015\/06\/Screenshot-2015-06-07-18.06.531-1.jpg 1000w\" sizes=\"auto, (max-width: 635px) 100vw, 635px\" \/>LATINA &#8211; Mad, il Museo d\u2019Arte Diffusa di Fabio D&#8217;Achille festeggia il\u00a010\u00b0 anniversario e lo fa con\u00a0\u201cLa materia dei sogni\u201d una mostra di Roberta Pugno che propone \u00a0&#8220;la scrittura, la musica, la poesia, la linea come confine e unione di due realt\u00e0 diverse che si attraggono&#8221;. L&#8217;artista, nello Spazio 11 in Via Sisto V di Pina Sorrentino racconter\u00e0 il suo mondo artistico. Appuntamento mercoled\u00ec 10 giugno alle 12.<\/p>\n","protected":false},"excerpt":{"rendered":"<p>LATINA &#8211; Mad, il Museo d\u2019Arte Diffusa di Fabio D&#8217;Achille festeggia il\u00a010\u00b0 anniversario e lo fa con\u00a0\u201cLa materia dei sogni\u201d una mostra di Roberta Pugno che propone \u00a0&#8220;la scrittura, la musica, la poesia, la linea come confine e unione di due realt\u00e0 diverse che si attraggono&#8221;. L&#8217;artista, nello Spazio 11 in Via Sisto V di [&hellip;]<\/p>\n","protected":false},"author":62,"featured_media":164939,"comment_status":"open","ping_status":"closed","sticky":false,"template":"","format":"standard","meta":{"footnotes":""},"categories":[16],"tags":[],"class_list":["post-164936","post","type-post","status-publish","format-standard","has-post-thumbnail","hentry","category-appuntamenti"],"_links":{"self":[{"href":"https:\/\/www.radioluna.it\/news\/wp-json\/wp\/v2\/posts\/164936","targetHints":{"allow":["GET"]}}],"collection":[{"href":"https:\/\/www.radioluna.it\/news\/wp-json\/wp\/v2\/posts"}],"about":[{"href":"https:\/\/www.radioluna.it\/news\/wp-json\/wp\/v2\/types\/post"}],"author":[{"embeddable":true,"href":"https:\/\/www.radioluna.it\/news\/wp-json\/wp\/v2\/users\/62"}],"replies":[{"embeddable":true,"href":"https:\/\/www.radioluna.it\/news\/wp-json\/wp\/v2\/comments?post=164936"}],"version-history":[{"count":0,"href":"https:\/\/www.radioluna.it\/news\/wp-json\/wp\/v2\/posts\/164936\/revisions"}],"wp:featuredmedia":[{"embeddable":true,"href":"https:\/\/www.radioluna.it\/news\/wp-json\/wp\/v2\/media\/164939"}],"wp:attachment":[{"href":"https:\/\/www.radioluna.it\/news\/wp-json\/wp\/v2\/media?parent=164936"}],"wp:term":[{"taxonomy":"category","embeddable":true,"href":"https:\/\/www.radioluna.it\/news\/wp-json\/wp\/v2\/categories?post=164936"},{"taxonomy":"post_tag","embeddable":true,"href":"https:\/\/www.radioluna.it\/news\/wp-json\/wp\/v2\/tags?post=164936"}],"curies":[{"name":"wp","href":"https:\/\/api.w.org\/{rel}","templated":true}]}}