{"id":164971,"date":"2015-06-08T20:57:55","date_gmt":"2015-06-08T18:57:55","guid":{"rendered":"http:\/\/www.radioluna.it\/news\/?p=164971"},"modified":"2015-06-08T20:57:55","modified_gmt":"2015-06-08T18:57:55","slug":"precipitato-con-laereo-mercoledi-lautopsia","status":"publish","type":"post","link":"https:\/\/www.radioluna.it\/news\/2015\/06\/precipitato-con-laereo-mercoledi-lautopsia\/","title":{"rendered":"Precipitato con l&#8217;aereo, mercoled\u00ec l&#8217;autopsia"},"content":{"rendered":"<div id=\"fb-root\"><\/div>\n<p><img loading=\"lazy\" decoding=\"async\" class=\"alignleft size-full wp-image-153956\" src=\"http:\/\/www.radioluna.it\/news\/wp-content\/uploads\/2014\/08\/ultraleggero.jpg\" alt=\"ultraleggero\" width=\"628\" height=\"471\" srcset=\"https:\/\/www.radioluna.it\/news\/wp-content\/uploads\/2014\/08\/ultraleggero.jpg 628w, https:\/\/www.radioluna.it\/news\/wp-content\/uploads\/2014\/08\/ultraleggero-500x375.jpg 500w, https:\/\/www.radioluna.it\/news\/wp-content\/uploads\/2014\/08\/ultraleggero-300x225.jpg 300w\" sizes=\"auto, (max-width: 628px) 100vw, 628px\" \/><\/p>\n<p>LATINA-\u00a0Sar\u00e0 eseguita mercoled\u00ec l\u2019autopsia sul cadavere di Manlio D\u2019Onofrio, l\u2019ingegnere elettronico di 64 anni residente a Latina, \u00a0morto sabato pomeriggio in un drammatico incidente aereo avvenuto a poca distanza dall\u2019Aviosuperfice Leonardi vicino a Terni. La prima ipotesi seguita dagli investigatori \u00e8 quella di una morte provocata dal contraccolpo provocato dalla caduta del velivolo. Il pubblico ministero di Terni Raffaele Pesiri affider\u00e0 l\u2019incarico al medico legale Luigi Carlini e il pm ha disposto il sequestro dell\u2019aereo. Intanto restano stazionarie le condizioni di \u00a0salute di Pietro Salvador, il compagno di volo di Manlio D\u2019Onofrio che fortunatamente non \u00e8 in pericolo di vita e che \u00e8 sempre ricoverato in ospedale a Terni a causa di alcune ferite. L&#8217;uomo si \u00e8 miracolosamente salvato.<\/p>\n<p>&nbsp;<\/p>\n","protected":false},"excerpt":{"rendered":"<p>LATINA-\u00a0Sar\u00e0 eseguita mercoled\u00ec l\u2019autopsia sul cadavere di Manlio D\u2019Onofrio, l\u2019ingegnere elettronico di 64 anni residente a Latina, \u00a0morto sabato pomeriggio in un drammatico incidente aereo avvenuto a poca distanza dall\u2019Aviosuperfice Leonardi vicino a Terni. La prima ipotesi seguita dagli investigatori \u00e8 quella di una morte provocata dal contraccolpo provocato dalla caduta del velivolo. Il pubblico [&hellip;]<\/p>\n","protected":false},"author":60,"featured_media":153956,"comment_status":"open","ping_status":"closed","sticky":false,"template":"","format":"standard","meta":{"footnotes":""},"categories":[7],"tags":[],"class_list":["post-164971","post","type-post","status-publish","format-standard","has-post-thumbnail","hentry","category-cronaca"],"_links":{"self":[{"href":"https:\/\/www.radioluna.it\/news\/wp-json\/wp\/v2\/posts\/164971","targetHints":{"allow":["GET"]}}],"collection":[{"href":"https:\/\/www.radioluna.it\/news\/wp-json\/wp\/v2\/posts"}],"about":[{"href":"https:\/\/www.radioluna.it\/news\/wp-json\/wp\/v2\/types\/post"}],"author":[{"embeddable":true,"href":"https:\/\/www.radioluna.it\/news\/wp-json\/wp\/v2\/users\/60"}],"replies":[{"embeddable":true,"href":"https:\/\/www.radioluna.it\/news\/wp-json\/wp\/v2\/comments?post=164971"}],"version-history":[{"count":0,"href":"https:\/\/www.radioluna.it\/news\/wp-json\/wp\/v2\/posts\/164971\/revisions"}],"wp:featuredmedia":[{"embeddable":true,"href":"https:\/\/www.radioluna.it\/news\/wp-json\/wp\/v2\/media\/153956"}],"wp:attachment":[{"href":"https:\/\/www.radioluna.it\/news\/wp-json\/wp\/v2\/media?parent=164971"}],"wp:term":[{"taxonomy":"category","embeddable":true,"href":"https:\/\/www.radioluna.it\/news\/wp-json\/wp\/v2\/categories?post=164971"},{"taxonomy":"post_tag","embeddable":true,"href":"https:\/\/www.radioluna.it\/news\/wp-json\/wp\/v2\/tags?post=164971"}],"curies":[{"name":"wp","href":"https:\/\/api.w.org\/{rel}","templated":true}]}}