{"id":164972,"date":"2015-06-09T07:37:56","date_gmt":"2015-06-09T05:37:56","guid":{"rendered":"http:\/\/www.radioluna.it\/news\/?p=164972"},"modified":"2015-06-09T07:37:56","modified_gmt":"2015-06-09T05:37:56","slug":"gerard-depardieu-in-motorino-a-sermoneta-gelato-autografi-e-via","status":"publish","type":"post","link":"https:\/\/www.radioluna.it\/news\/2015\/06\/gerard-depardieu-in-motorino-a-sermoneta-gelato-autografi-e-via\/","title":{"rendered":"Gerard Depardieu in motorino a Sermoneta: gelato autografi e via"},"content":{"rendered":"<div id=\"fb-root\"><\/div>\n<p style=\"text-align: justify;\"><img loading=\"lazy\" decoding=\"async\" class=\"aligncenter size-full wp-image-164973\" src=\"http:\/\/www.radioluna.it\/news\/wp-content\/uploads\/2015\/06\/gerard.jpg\" alt=\"gerard\" width=\"539\" height=\"826\" srcset=\"https:\/\/www.radioluna.it\/news\/wp-content\/uploads\/2015\/06\/gerard.jpg 539w, https:\/\/www.radioluna.it\/news\/wp-content\/uploads\/2015\/06\/gerard-500x766.jpg 500w, https:\/\/www.radioluna.it\/news\/wp-content\/uploads\/2015\/06\/gerard-196x300.jpg 196w\" sizes=\"auto, (max-width: 539px) 100vw, 539px\" \/>SERMONETA &#8211; Non si \u00e8 annunciato, si \u00e8 semplicemente materializzato tra i vicoli di Sermoneta, citt\u00e0-gioiello che conosce e che ama, il divo francese Gerard Depardieu. Sorpresa tr ai residenti e gli studenti di musica che in questo periodo risiedono al Castello Caetani per i Corsi di Perfezionamento strumentale del Campus.<\/p>\n<p style=\"text-align: justify;\">Depardieu \u00e8 arrivato in scooter intorno alle 15, ha preso un gelato in piazza del Popolo e se l&#8217;\u00e8 gustato seduto al Belvedere, ammirando la scalinata e il panorama della pianura pontina, racconta chi l&#8217;ha visto e seguito. Per lui\u00a0fotografie e autografi. Poi ha ripreso il suo scooter ed ha salutato i presenti, promettendo di ritornare presto nel borgo antico dei Caetani.\u00a0L&#8217;ultima star arrivata a Sermoneta era stata Jude Law, che ha girato il 14 maggio un film utilizzando come location il centro storico e il paesaggio agreste della pianura.<\/p>\n","protected":false},"excerpt":{"rendered":"<p>SERMONETA &#8211; Non si \u00e8 annunciato, si \u00e8 semplicemente materializzato tra i vicoli di Sermoneta, citt\u00e0-gioiello che conosce e che ama, il divo francese Gerard Depardieu. Sorpresa tr ai residenti e gli studenti di musica che in questo periodo risiedono al Castello Caetani per i Corsi di Perfezionamento strumentale del Campus. Depardieu \u00e8 arrivato in [&hellip;]<\/p>\n","protected":false},"author":62,"featured_media":164973,"comment_status":"open","ping_status":"closed","sticky":false,"template":"","format":"standard","meta":{"footnotes":""},"categories":[735],"tags":[],"class_list":["post-164972","post","type-post","status-publish","format-standard","has-post-thumbnail","hentry","category-attualita"],"_links":{"self":[{"href":"https:\/\/www.radioluna.it\/news\/wp-json\/wp\/v2\/posts\/164972","targetHints":{"allow":["GET"]}}],"collection":[{"href":"https:\/\/www.radioluna.it\/news\/wp-json\/wp\/v2\/posts"}],"about":[{"href":"https:\/\/www.radioluna.it\/news\/wp-json\/wp\/v2\/types\/post"}],"author":[{"embeddable":true,"href":"https:\/\/www.radioluna.it\/news\/wp-json\/wp\/v2\/users\/62"}],"replies":[{"embeddable":true,"href":"https:\/\/www.radioluna.it\/news\/wp-json\/wp\/v2\/comments?post=164972"}],"version-history":[{"count":0,"href":"https:\/\/www.radioluna.it\/news\/wp-json\/wp\/v2\/posts\/164972\/revisions"}],"wp:featuredmedia":[{"embeddable":true,"href":"https:\/\/www.radioluna.it\/news\/wp-json\/wp\/v2\/media\/164973"}],"wp:attachment":[{"href":"https:\/\/www.radioluna.it\/news\/wp-json\/wp\/v2\/media?parent=164972"}],"wp:term":[{"taxonomy":"category","embeddable":true,"href":"https:\/\/www.radioluna.it\/news\/wp-json\/wp\/v2\/categories?post=164972"},{"taxonomy":"post_tag","embeddable":true,"href":"https:\/\/www.radioluna.it\/news\/wp-json\/wp\/v2\/tags?post=164972"}],"curies":[{"name":"wp","href":"https:\/\/api.w.org\/{rel}","templated":true}]}}