{"id":164979,"date":"2015-06-09T09:02:47","date_gmt":"2015-06-09T07:02:47","guid":{"rendered":"http:\/\/www.radioluna.it\/news\/?p=164979"},"modified":"2015-06-09T09:02:47","modified_gmt":"2015-06-09T07:02:47","slug":"commissario-latina-resta-in-attesa","status":"publish","type":"post","link":"https:\/\/www.radioluna.it\/news\/2015\/06\/commissario-latina-resta-in-attesa\/","title":{"rendered":"Commissario, Latina resta in attesa"},"content":{"rendered":"<div id=\"fb-root\"><\/div>\n<div id=\"attachment_163286\" style=\"width: 645px\" class=\"wp-caption aligncenter\"><img loading=\"lazy\" decoding=\"async\" aria-describedby=\"caption-attachment-163286\" class=\"size-thumbnail wp-image-163286\" src=\"http:\/\/www.radioluna.it\/news\/wp-content\/uploads\/2015\/04\/prefetto-faloni-primo-piano-635x474.jpg\" alt=\"Il Prefetto di Latina, Faloni\" width=\"635\" height=\"474\" srcset=\"https:\/\/www.radioluna.it\/news\/wp-content\/uploads\/2015\/04\/prefetto-faloni-primo-piano-635x474.jpg 635w, https:\/\/www.radioluna.it\/news\/wp-content\/uploads\/2015\/04\/prefetto-faloni-primo-piano-768x574.jpg 768w, https:\/\/www.radioluna.it\/news\/wp-content\/uploads\/2015\/04\/prefetto-faloni-primo-piano-500x373.jpg 500w, https:\/\/www.radioluna.it\/news\/wp-content\/uploads\/2015\/04\/prefetto-faloni-primo-piano-300x224.jpg 300w, https:\/\/www.radioluna.it\/news\/wp-content\/uploads\/2015\/04\/prefetto-faloni-primo-piano-1024x765.jpg 1024w, https:\/\/www.radioluna.it\/news\/wp-content\/uploads\/2015\/04\/prefetto-faloni-primo-piano-800x598.jpg 800w, https:\/\/www.radioluna.it\/news\/wp-content\/uploads\/2015\/04\/prefetto-faloni-primo-piano.jpg 1000w\" sizes=\"auto, (max-width: 635px) 100vw, 635px\" \/><p id=\"caption-attachment-163286\" class=\"wp-caption-text\">Il Prefetto di Latina, Faloni<\/p><\/div>\n<p style=\"text-align: justify;\"><strong>LATINA<\/strong> &#8211;\u00a0Nulla di fatto ieri in Comune dove si resta in attesa della nomina del commissario prefettizio dopo la sfiducia al sindaco Giovanni Di Giorgi arrivata gioved\u00ec. L&#8217;atto formale era atteso al massimo per la giornata di luned\u00ec, ma i tempi si sono allungati e il Comune \u00e8 di fatto paralizzato non essendoci dirigenti in carica in grado di autorizzare gli atti\u00a0(sono infatti temporaneamente decaduti con la fine del mandato sindacale).<\/p>\n<p style=\"text-align: justify;\">Sar\u00e0 il prefetto Pierluigi Faloni su indicazione del Ministero dell&#8217;Interno a dover procedere alla nomina e a comunicare nelle prossime ore il nome dell&#8217;alto funzionario prescelto per il compito.<\/p>\n<p style=\"text-align: justify;\">Giovanni Di Giorgi invece sar\u00e0 in onda su Radioluna domani &#8211; \u00a0come avviene ormai ogni mercoled\u00ec da quasi due anni a questa parte &#8211; \u00a0per commentare i fatti della giornata nella sua nuova veste di ex sindaco e soprattutto di cultore di musica.<\/p>\n<p style=\"text-align: justify;\" align=\"JUSTIFY\">\n","protected":false},"excerpt":{"rendered":"<p>LATINA &#8211;\u00a0Nulla di fatto ieri in Comune dove si resta in attesa della nomina del commissario prefettizio dopo la sfiducia al sindaco Giovanni Di Giorgi arrivata gioved\u00ec. L&#8217;atto formale era atteso al massimo per la giornata di luned\u00ec, ma i tempi si sono allungati e il Comune \u00e8 di fatto paralizzato non essendoci dirigenti in [&hellip;]<\/p>\n","protected":false},"author":62,"featured_media":163286,"comment_status":"open","ping_status":"closed","sticky":false,"template":"","format":"standard","meta":{"footnotes":""},"categories":[8],"tags":[],"class_list":["post-164979","post","type-post","status-publish","format-standard","has-post-thumbnail","hentry","category-politica"],"_links":{"self":[{"href":"https:\/\/www.radioluna.it\/news\/wp-json\/wp\/v2\/posts\/164979","targetHints":{"allow":["GET"]}}],"collection":[{"href":"https:\/\/www.radioluna.it\/news\/wp-json\/wp\/v2\/posts"}],"about":[{"href":"https:\/\/www.radioluna.it\/news\/wp-json\/wp\/v2\/types\/post"}],"author":[{"embeddable":true,"href":"https:\/\/www.radioluna.it\/news\/wp-json\/wp\/v2\/users\/62"}],"replies":[{"embeddable":true,"href":"https:\/\/www.radioluna.it\/news\/wp-json\/wp\/v2\/comments?post=164979"}],"version-history":[{"count":0,"href":"https:\/\/www.radioluna.it\/news\/wp-json\/wp\/v2\/posts\/164979\/revisions"}],"wp:featuredmedia":[{"embeddable":true,"href":"https:\/\/www.radioluna.it\/news\/wp-json\/wp\/v2\/media\/163286"}],"wp:attachment":[{"href":"https:\/\/www.radioluna.it\/news\/wp-json\/wp\/v2\/media?parent=164979"}],"wp:term":[{"taxonomy":"category","embeddable":true,"href":"https:\/\/www.radioluna.it\/news\/wp-json\/wp\/v2\/categories?post=164979"},{"taxonomy":"post_tag","embeddable":true,"href":"https:\/\/www.radioluna.it\/news\/wp-json\/wp\/v2\/tags?post=164979"}],"curies":[{"name":"wp","href":"https:\/\/api.w.org\/{rel}","templated":true}]}}