{"id":164986,"date":"2015-06-09T10:58:32","date_gmt":"2015-06-09T08:58:32","guid":{"rendered":"http:\/\/www.radioluna.it\/news\/?p=164986"},"modified":"2015-06-09T10:58:32","modified_gmt":"2015-06-09T08:58:32","slug":"alunni-prof-e-genitori-aspettano-lalba-a-satricum-per-la-festa-della-mater-matuta","status":"publish","type":"post","link":"https:\/\/www.radioluna.it\/news\/2015\/06\/alunni-prof-e-genitori-aspettano-lalba-a-satricum-per-la-festa-della-mater-matuta\/","title":{"rendered":"Alunni, prof e genitori aspettano l&#8217;alba a Satricum per la festa della Mater Matuta"},"content":{"rendered":"<div id=\"fb-root\"><\/div>\n<div id=\"attachment_164987\" style=\"width: 507px\" class=\"wp-caption alignleft\"><img loading=\"lazy\" decoding=\"async\" aria-describedby=\"caption-attachment-164987\" class=\"size-full wp-image-164987\" src=\"http:\/\/www.radioluna.it\/news\/wp-content\/uploads\/2015\/06\/tempio_MM-e1387362550978.jpg\" alt=\"L'area dove sorgeva il tempo della mater Matuta a Satricum\" width=\"497\" height=\"624\" srcset=\"https:\/\/www.radioluna.it\/news\/wp-content\/uploads\/2015\/06\/tempio_MM-e1387362550978.jpg 497w, https:\/\/www.radioluna.it\/news\/wp-content\/uploads\/2015\/06\/tempio_MM-e1387362550978-239x300.jpg 239w\" sizes=\"auto, (max-width: 497px) 100vw, 497px\" \/><p id=\"caption-attachment-164987\" class=\"wp-caption-text\">L&#8217;area dove sorgeva il tempo della mater Matuta a Satricum<\/p><\/div>\n<p style=\"text-align: justify;\"><strong>LATINA<\/strong> &#8211; &#8220;Recuperare le radici antropologiche del territorio, per aiutare gli alunni a costruire un&#8217; identit\u00e0 solida e positiva&#8221;. E&#8217; l&#8217;obiettivo di un suggestivo progetto varato dal\u00a07\u00b0 Istituto Comprensivo di Latina diretto da Maria Cristina Martin e ralizzato\u00a0in collaborazione con l\u2019Associazione Culturale Neapaiedeia, che ha organizzato l\u2019attesa dell\u2019alba insieme ad alunni e genitori per festeggiare la dea Mater Matuta, proprio nel giorno in cui anticamente si celebrava la Matralia, la festa della divinit\u00e0 del Mattino. L&#8217;appuntamento \u00e8 per gioved\u00ec\u00a011 giugno, dalle ore 5 alle 8, a Satricum a borgo Le Ferriere.<\/p>\n<p style=\"text-align: justify;\">&#8220;Cos\u00ec ad un&#8217;ora fissa Matuta soffonde con la rosea luce dell&#8217;aurora, le rive dell&#8217;etere e spande la luce&#8221;, scriveva Lucrezio nel De Rerum Natura.<\/p>\n","protected":false},"excerpt":{"rendered":"<p>LATINA &#8211; &#8220;Recuperare le radici antropologiche del territorio, per aiutare gli alunni a costruire un&#8217; identit\u00e0 solida e positiva&#8221;. E&#8217; l&#8217;obiettivo di un suggestivo progetto varato dal\u00a07\u00b0 Istituto Comprensivo di Latina diretto da Maria Cristina Martin e ralizzato\u00a0in collaborazione con l\u2019Associazione Culturale Neapaiedeia, che ha organizzato l\u2019attesa dell\u2019alba insieme ad alunni e genitori per festeggiare [&hellip;]<\/p>\n","protected":false},"author":62,"featured_media":164987,"comment_status":"open","ping_status":"closed","sticky":false,"template":"","format":"standard","meta":{"footnotes":""},"categories":[16,248],"tags":[],"class_list":["post-164986","post","type-post","status-publish","format-standard","has-post-thumbnail","hentry","category-appuntamenti","category-istruzione"],"_links":{"self":[{"href":"https:\/\/www.radioluna.it\/news\/wp-json\/wp\/v2\/posts\/164986","targetHints":{"allow":["GET"]}}],"collection":[{"href":"https:\/\/www.radioluna.it\/news\/wp-json\/wp\/v2\/posts"}],"about":[{"href":"https:\/\/www.radioluna.it\/news\/wp-json\/wp\/v2\/types\/post"}],"author":[{"embeddable":true,"href":"https:\/\/www.radioluna.it\/news\/wp-json\/wp\/v2\/users\/62"}],"replies":[{"embeddable":true,"href":"https:\/\/www.radioluna.it\/news\/wp-json\/wp\/v2\/comments?post=164986"}],"version-history":[{"count":0,"href":"https:\/\/www.radioluna.it\/news\/wp-json\/wp\/v2\/posts\/164986\/revisions"}],"wp:featuredmedia":[{"embeddable":true,"href":"https:\/\/www.radioluna.it\/news\/wp-json\/wp\/v2\/media\/164987"}],"wp:attachment":[{"href":"https:\/\/www.radioluna.it\/news\/wp-json\/wp\/v2\/media?parent=164986"}],"wp:term":[{"taxonomy":"category","embeddable":true,"href":"https:\/\/www.radioluna.it\/news\/wp-json\/wp\/v2\/categories?post=164986"},{"taxonomy":"post_tag","embeddable":true,"href":"https:\/\/www.radioluna.it\/news\/wp-json\/wp\/v2\/tags?post=164986"}],"curies":[{"name":"wp","href":"https:\/\/api.w.org\/{rel}","templated":true}]}}