{"id":165033,"date":"2015-06-10T18:51:34","date_gmt":"2015-06-10T16:51:34","guid":{"rendered":"http:\/\/www.radioluna.it\/news\/?p=165033"},"modified":"2015-06-10T21:02:14","modified_gmt":"2015-06-10T19:02:14","slug":"per-non-dimenticare-il-nepal","status":"publish","type":"post","link":"https:\/\/www.radioluna.it\/news\/2015\/06\/per-non-dimenticare-il-nepal\/","title":{"rendered":"Per non dimenticare il Nepal"},"content":{"rendered":"<div id=\"fb-root\"><\/div>\n<p style=\"text-align: justify;\"><strong><img loading=\"lazy\" decoding=\"async\" class=\"alignleft size-medium wp-image-165034\" src=\"http:\/\/www.radioluna.it\/news\/wp-content\/uploads\/2015\/06\/nepal-300x225.jpg\" alt=\"nepal\" width=\"300\" height=\"225\" \/>LATINA-<\/strong> Nepal prima e dopo il terremoto, \u00e8 questo il tema dell&#8217;incontro organizzato per il 12 giugno alle 21 al Pub Doolin di via Adua a Latina. Sar\u00e0 l&#8217;occasione per presentare il reportage fotografico a cura di Stefania Sofra, egittologa del capoluogo pontino e presidente di Angolo Avventura nel Mondo che era in Nepal lo scorso 25 aprile quando \u00e8 avvenuto il sisma. E&#8217; un viaggio tra i templi e la gente della valle di Kathmandu per non dimenticare il paese e aiutare un popolo che ora \u00e8 in grande difficolt\u00e0. L&#8217;ingresso \u00e8 gratuito.<\/p>\n","protected":false},"excerpt":{"rendered":"<p>LATINA- Nepal prima e dopo il terremoto, \u00e8 questo il tema dell&#8217;incontro organizzato per il 12 giugno alle 21 al Pub Doolin di via Adua a Latina. Sar\u00e0 l&#8217;occasione per presentare il reportage fotografico a cura di Stefania Sofra, egittologa del capoluogo pontino e presidente di Angolo Avventura nel Mondo che era in Nepal lo [&hellip;]<\/p>\n","protected":false},"author":60,"featured_media":0,"comment_status":"open","ping_status":"closed","sticky":false,"template":"","format":"standard","meta":{"footnotes":""},"categories":[16],"tags":[],"class_list":["post-165033","post","type-post","status-publish","format-standard","hentry","category-appuntamenti"],"_links":{"self":[{"href":"https:\/\/www.radioluna.it\/news\/wp-json\/wp\/v2\/posts\/165033","targetHints":{"allow":["GET"]}}],"collection":[{"href":"https:\/\/www.radioluna.it\/news\/wp-json\/wp\/v2\/posts"}],"about":[{"href":"https:\/\/www.radioluna.it\/news\/wp-json\/wp\/v2\/types\/post"}],"author":[{"embeddable":true,"href":"https:\/\/www.radioluna.it\/news\/wp-json\/wp\/v2\/users\/60"}],"replies":[{"embeddable":true,"href":"https:\/\/www.radioluna.it\/news\/wp-json\/wp\/v2\/comments?post=165033"}],"version-history":[{"count":0,"href":"https:\/\/www.radioluna.it\/news\/wp-json\/wp\/v2\/posts\/165033\/revisions"}],"wp:attachment":[{"href":"https:\/\/www.radioluna.it\/news\/wp-json\/wp\/v2\/media?parent=165033"}],"wp:term":[{"taxonomy":"category","embeddable":true,"href":"https:\/\/www.radioluna.it\/news\/wp-json\/wp\/v2\/categories?post=165033"},{"taxonomy":"post_tag","embeddable":true,"href":"https:\/\/www.radioluna.it\/news\/wp-json\/wp\/v2\/tags?post=165033"}],"curies":[{"name":"wp","href":"https:\/\/api.w.org\/{rel}","templated":true}]}}