{"id":165113,"date":"2015-06-12T11:05:13","date_gmt":"2015-06-12T09:05:13","guid":{"rendered":"http:\/\/www.radioluna.it\/news\/?p=165113"},"modified":"2015-06-12T12:37:30","modified_gmt":"2015-06-12T10:37:30","slug":"vini-casale-del-giglio-presenta-lultimo-nato-antium","status":"publish","type":"post","link":"https:\/\/www.radioluna.it\/news\/2015\/06\/vini-casale-del-giglio-presenta-lultimo-nato-antium\/","title":{"rendered":"Vini, Casale del Giglio presenta l&#8217;ultimo nato: l&#8217;Antium"},"content":{"rendered":"<div id=\"fb-root\"><\/div>\n<div id=\"attachment_165114\" style=\"width: 645px\" class=\"wp-caption aligncenter\"><img loading=\"lazy\" decoding=\"async\" aria-describedby=\"caption-attachment-165114\" class=\"wp-image-165114 size-thumbnail\" src=\"http:\/\/www.radioluna.it\/news\/wp-content\/uploads\/2015\/06\/Casale_Filari1-635x422.jpg\" alt=\"Casale_Filari1\" width=\"635\" height=\"422\" srcset=\"https:\/\/www.radioluna.it\/news\/wp-content\/uploads\/2015\/06\/Casale_Filari1-635x422.jpg 635w, https:\/\/www.radioluna.it\/news\/wp-content\/uploads\/2015\/06\/Casale_Filari1-768x511.jpg 768w, https:\/\/www.radioluna.it\/news\/wp-content\/uploads\/2015\/06\/Casale_Filari1-500x333.jpg 500w, https:\/\/www.radioluna.it\/news\/wp-content\/uploads\/2015\/06\/Casale_Filari1-600x400.jpg 600w, https:\/\/www.radioluna.it\/news\/wp-content\/uploads\/2015\/06\/Casale_Filari1-300x200.jpg 300w, https:\/\/www.radioluna.it\/news\/wp-content\/uploads\/2015\/06\/Casale_Filari1-1024x681.jpg 1024w, https:\/\/www.radioluna.it\/news\/wp-content\/uploads\/2015\/06\/Casale_Filari1-800x532.jpg 800w, https:\/\/www.radioluna.it\/news\/wp-content\/uploads\/2015\/06\/Casale_Filari1.jpg 1000w\" sizes=\"auto, (max-width: 635px) 100vw, 635px\" \/><p id=\"caption-attachment-165114\" class=\"wp-caption-text\">Filari di vite a casale del Giglio<\/p><\/div>\n<p style=\"text-align: justify;\"><strong>LATINA<\/strong> &#8211; Casale del Giglio presenta l&#8217;ultimo nato della casa vitivinicola: l&#8217;Antium. \u00a0Prodotto con uve Bellone 2014 nell&#8217;azienda di Borgo Le Ferriere di Antonio Santarelli, il vino \u00a0&#8211; spiegano da Casale del Giglio \u00a0&#8211; segna il recupero dell\u2019antico vitigno autoctono Bellone, tipico proprio della zona di Anzio.\u00a0<span style=\"line-height: 1.5;\">La cantina rinnova cos\u00ec l&#8217;impegno intrapreso con il territorio laziale per il rilancio della viticoltura di qualit\u00e0 e, dopo la sperimentazione delle variet\u00e0 internazionali pi\u00f9 disparate, si dedica ora anche alla riscoperta dei vitigni autoctoni, secondo un progetto gi\u00e0 avviato con successo a Ponza per il vitigno Biancolella&#8221;.\u00a0<img loading=\"lazy\" decoding=\"async\" class=\"alignleft size-full wp-image-165115\" src=\"http:\/\/www.radioluna.it\/news\/wp-content\/uploads\/2015\/06\/antium.jpg\" alt=\"antium\" width=\"191\" height=\"200\" \/><\/span><\/p>\n<div id=\"attachment_165116\" style=\"width: 210px\" class=\"wp-caption alignleft\"><img loading=\"lazy\" decoding=\"async\" aria-describedby=\"caption-attachment-165116\" class=\"wp-image-165116 size-medium\" src=\"http:\/\/www.radioluna.it\/news\/wp-content\/uploads\/2015\/06\/marco-nardoni-Fis-Latina-200x300.jpg\" alt=\"marco nardoni Fis Latina\" width=\"200\" height=\"300\" srcset=\"https:\/\/www.radioluna.it\/news\/wp-content\/uploads\/2015\/06\/marco-nardoni-Fis-Latina-200x300.jpg 200w, https:\/\/www.radioluna.it\/news\/wp-content\/uploads\/2015\/06\/marco-nardoni-Fis-Latina-500x750.jpg 500w, https:\/\/www.radioluna.it\/news\/wp-content\/uploads\/2015\/06\/marco-nardoni-Fis-Latina-635x953.jpg 635w, https:\/\/www.radioluna.it\/news\/wp-content\/uploads\/2015\/06\/marco-nardoni-Fis-Latina.jpg 640w\" sizes=\"auto, (max-width: 200px) 100vw, 200px\" \/><p id=\"caption-attachment-165116\" class=\"wp-caption-text\">Marco Nardoni della Fis di Latina<\/p><\/div>\n<p style=\"text-align: justify;\">Per far conoscere l&#8217;etichetta neonata e presentarla nelle sue particolarit\u00e0, la Fondazione Italiana Sommelier di Latina, con il presidente Marco Nardoni terr\u00e0 una serata di degustazione in programma marted\u00ec 23 giugno (con inizio alle 20) all&#8217;Hotel Europa di Latina.<\/p>\n","protected":false},"excerpt":{"rendered":"<p>LATINA &#8211; Casale del Giglio presenta l&#8217;ultimo nato della casa vitivinicola: l&#8217;Antium. \u00a0Prodotto con uve Bellone 2014 nell&#8217;azienda di Borgo Le Ferriere di Antonio Santarelli, il vino \u00a0&#8211; spiegano da Casale del Giglio \u00a0&#8211; segna il recupero dell\u2019antico vitigno autoctono Bellone, tipico proprio della zona di Anzio.\u00a0La cantina rinnova cos\u00ec l&#8217;impegno intrapreso con il territorio [&hellip;]<\/p>\n","protected":false},"author":62,"featured_media":165114,"comment_status":"open","ping_status":"closed","sticky":false,"template":"","format":"standard","meta":{"footnotes":""},"categories":[16],"tags":[],"class_list":["post-165113","post","type-post","status-publish","format-standard","has-post-thumbnail","hentry","category-appuntamenti"],"_links":{"self":[{"href":"https:\/\/www.radioluna.it\/news\/wp-json\/wp\/v2\/posts\/165113","targetHints":{"allow":["GET"]}}],"collection":[{"href":"https:\/\/www.radioluna.it\/news\/wp-json\/wp\/v2\/posts"}],"about":[{"href":"https:\/\/www.radioluna.it\/news\/wp-json\/wp\/v2\/types\/post"}],"author":[{"embeddable":true,"href":"https:\/\/www.radioluna.it\/news\/wp-json\/wp\/v2\/users\/62"}],"replies":[{"embeddable":true,"href":"https:\/\/www.radioluna.it\/news\/wp-json\/wp\/v2\/comments?post=165113"}],"version-history":[{"count":0,"href":"https:\/\/www.radioluna.it\/news\/wp-json\/wp\/v2\/posts\/165113\/revisions"}],"wp:featuredmedia":[{"embeddable":true,"href":"https:\/\/www.radioluna.it\/news\/wp-json\/wp\/v2\/media\/165114"}],"wp:attachment":[{"href":"https:\/\/www.radioluna.it\/news\/wp-json\/wp\/v2\/media?parent=165113"}],"wp:term":[{"taxonomy":"category","embeddable":true,"href":"https:\/\/www.radioluna.it\/news\/wp-json\/wp\/v2\/categories?post=165113"},{"taxonomy":"post_tag","embeddable":true,"href":"https:\/\/www.radioluna.it\/news\/wp-json\/wp\/v2\/tags?post=165113"}],"curies":[{"name":"wp","href":"https:\/\/api.w.org\/{rel}","templated":true}]}}