{"id":165244,"date":"2015-06-16T14:20:12","date_gmt":"2015-06-16T12:20:12","guid":{"rendered":"http:\/\/www.radioluna.it\/news\/?p=165244"},"modified":"2015-06-16T14:20:12","modified_gmt":"2015-06-16T12:20:12","slug":"torneo-tosarello-2015-testimonial-coach-bianchini","status":"publish","type":"post","link":"https:\/\/www.radioluna.it\/news\/2015\/06\/torneo-tosarello-2015-testimonial-coach-bianchini\/","title":{"rendered":"Torneo Tosarello 2015, testimonial coach Bianchini"},"content":{"rendered":"<div id=\"fb-root\"><\/div>\n<div id=\"attachment_152943\" style=\"width: 645px\" class=\"wp-caption aligncenter\"><img loading=\"lazy\" decoding=\"async\" aria-describedby=\"caption-attachment-152943\" class=\"size-thumbnail wp-image-152943\" src=\"http:\/\/www.radioluna.it\/news\/wp-content\/uploads\/2014\/07\/Valerio-Bianchini-ex-ct-italia-basket-Tosarello-635x317.jpg\" alt=\"Valerio Bianchini, ex ct azzurro\" width=\"635\" height=\"317\" srcset=\"https:\/\/www.radioluna.it\/news\/wp-content\/uploads\/2014\/07\/Valerio-Bianchini-ex-ct-italia-basket-Tosarello-635x317.jpg 635w, https:\/\/www.radioluna.it\/news\/wp-content\/uploads\/2014\/07\/Valerio-Bianchini-ex-ct-italia-basket-Tosarello-300x150.jpg 300w, https:\/\/www.radioluna.it\/news\/wp-content\/uploads\/2014\/07\/Valerio-Bianchini-ex-ct-italia-basket-Tosarello-768x384.jpg 768w, https:\/\/www.radioluna.it\/news\/wp-content\/uploads\/2014\/07\/Valerio-Bianchini-ex-ct-italia-basket-Tosarello-1024x512.jpg 1024w, https:\/\/www.radioluna.it\/news\/wp-content\/uploads\/2014\/07\/Valerio-Bianchini-ex-ct-italia-basket-Tosarello-500x250.jpg 500w, https:\/\/www.radioluna.it\/news\/wp-content\/uploads\/2014\/07\/Valerio-Bianchini-ex-ct-italia-basket-Tosarello-800x399.jpg 800w, https:\/\/www.radioluna.it\/news\/wp-content\/uploads\/2014\/07\/Valerio-Bianchini-ex-ct-italia-basket-Tosarello.jpg 1000w\" sizes=\"auto, (max-width: 635px) 100vw, 635px\" \/><p id=\"caption-attachment-152943\" class=\"wp-caption-text\">Valerio Bianchini, ex ct azzurro<\/p><\/div>\n<p style=\"text-align: justify;\"><strong>LATINA<\/strong> &#8211; Il coach pi\u00f9 titolato della storia della pallacanestro italiana, \u00a0l&#8217;ex allenatore della Nazionale, Valerio Bianchini, che in carriera ha vinto praticamente tutto e di pi\u00f9, ha tenuto a battesimo la 27\u00b0 edizione del Torneo Tosarello, trofeo Cuomo che si svolger\u00e0 a partire da sabato 20 giugno nell&#8217;arena di Piazzale Prampolini a Latina.<\/p>\n<p style=\"text-align: justify;\">Il comitato organizzatore ha simbolicamente donato a Bianchini \u00a0e all&#8217;imprenditrice Giovanna Cuomo che sostiene la manifestazione, la maglia ufficiale 2015 del torneo. Sotto il suo sguardo all&#8217;Hotel Europa, si sono svolti anche i sorteggi per la formazione dei gironi.\u00a0\u201cLa famiglia Cuomo \u00e8 stata sempre vicina allo sport perch\u00e9 consideriamo l&#8217;attivit\u00e0 sportiva promotrice e messaggera di valori importanti dentro e fuori il rettangolo di gioco\u201d. \u201cAuguro all&#8217;azienda Cuomo \u2013 ha auspicato il coach Valerio Bianchini \u2013 di poter eguagliare, al torneo Tosarello di Latina, magari anche superare il record di anni di sponsorizzazione della Scavolini nella citt\u00e0 di Pesaro\u201d.<\/p>\n<p style=\"text-align: justify;\">Nel corso della conferenza stampa \u00e8 stato illustrato in dettaglio il programma completo degli eventi collegati alla manifestazione sportiva e che toccheranno tematiche importanti ed attuali: la salute e la prevenzione delle patologie con ecografie gratuite, la guida sicura sulle strade , la lotta al razzismo e a tutte le forme di discriminazione, solo per citare.<\/p>\n","protected":false},"excerpt":{"rendered":"<p>LATINA &#8211; Il coach pi\u00f9 titolato della storia della pallacanestro italiana, \u00a0l&#8217;ex allenatore della Nazionale, Valerio Bianchini, che in carriera ha vinto praticamente tutto e di pi\u00f9, ha tenuto a battesimo la 27\u00b0 edizione del Torneo Tosarello, trofeo Cuomo che si svolger\u00e0 a partire da sabato 20 giugno nell&#8217;arena di Piazzale Prampolini a Latina. Il [&hellip;]<\/p>\n","protected":false},"author":62,"featured_media":165245,"comment_status":"open","ping_status":"closed","sticky":false,"template":"","format":"standard","meta":{"footnotes":""},"categories":[17],"tags":[],"class_list":["post-165244","post","type-post","status-publish","format-standard","has-post-thumbnail","hentry","category-sport"],"_links":{"self":[{"href":"https:\/\/www.radioluna.it\/news\/wp-json\/wp\/v2\/posts\/165244","targetHints":{"allow":["GET"]}}],"collection":[{"href":"https:\/\/www.radioluna.it\/news\/wp-json\/wp\/v2\/posts"}],"about":[{"href":"https:\/\/www.radioluna.it\/news\/wp-json\/wp\/v2\/types\/post"}],"author":[{"embeddable":true,"href":"https:\/\/www.radioluna.it\/news\/wp-json\/wp\/v2\/users\/62"}],"replies":[{"embeddable":true,"href":"https:\/\/www.radioluna.it\/news\/wp-json\/wp\/v2\/comments?post=165244"}],"version-history":[{"count":0,"href":"https:\/\/www.radioluna.it\/news\/wp-json\/wp\/v2\/posts\/165244\/revisions"}],"wp:featuredmedia":[{"embeddable":true,"href":"https:\/\/www.radioluna.it\/news\/wp-json\/wp\/v2\/media\/165245"}],"wp:attachment":[{"href":"https:\/\/www.radioluna.it\/news\/wp-json\/wp\/v2\/media?parent=165244"}],"wp:term":[{"taxonomy":"category","embeddable":true,"href":"https:\/\/www.radioluna.it\/news\/wp-json\/wp\/v2\/categories?post=165244"},{"taxonomy":"post_tag","embeddable":true,"href":"https:\/\/www.radioluna.it\/news\/wp-json\/wp\/v2\/tags?post=165244"}],"curies":[{"name":"wp","href":"https:\/\/api.w.org\/{rel}","templated":true}]}}