{"id":165295,"date":"2015-06-17T19:12:43","date_gmt":"2015-06-17T17:12:43","guid":{"rendered":"http:\/\/www.radioluna.it\/news\/?p=165295"},"modified":"2015-06-18T08:23:29","modified_gmt":"2015-06-18T06:23:29","slug":"morte-di-karin-asl-e-ares-118-citati-a-giudizio","status":"publish","type":"post","link":"https:\/\/www.radioluna.it\/news\/2015\/06\/morte-di-karin-asl-e-ares-118-citati-a-giudizio\/","title":{"rendered":"Morte di Karin, Asl e Ares 118 citati a giudizio"},"content":{"rendered":"<div id=\"fb-root\"><\/div>\n<div id=\"attachment_126094\" style=\"width: 160px\" class=\"wp-caption alignleft\"><img loading=\"lazy\" decoding=\"async\" aria-describedby=\"caption-attachment-126094\" class=\"size-thumbnail wp-image-126094\" src=\"http:\/\/www.radioluna.it\/news\/wp-content\/uploads\/2012\/10\/Piazza-del-tribunale-con-seminatore-150x150.jpg\" alt=\"Il Tribunale di Latina\" width=\"150\" height=\"150\" srcset=\"https:\/\/www.radioluna.it\/news\/wp-content\/uploads\/2012\/10\/Piazza-del-tribunale-con-seminatore-150x150.jpg 150w, https:\/\/www.radioluna.it\/news\/wp-content\/uploads\/2012\/10\/Piazza-del-tribunale-con-seminatore-300x300.jpg 300w, https:\/\/www.radioluna.it\/news\/wp-content\/uploads\/2012\/10\/Piazza-del-tribunale-con-seminatore-50x50.jpg 50w, https:\/\/www.radioluna.it\/news\/wp-content\/uploads\/2012\/10\/Piazza-del-tribunale-con-seminatore-80x80.jpg 80w\" sizes=\"auto, (max-width: 150px) 100vw, 150px\" \/><p id=\"caption-attachment-126094\" class=\"wp-caption-text\">Il Tribunale di Latina<\/p><\/div>\n<p style=\"text-align: justify;\"><strong>LATINA<\/strong> &#8211;\u00a0E\u2019 stato rinviato al prossimo sette ottobre il processo per il decesso di Karin Dalla Senta, la ragazza di 26 anni di Latina, morta in circostanze tutte da chiarire al Santa Maria Goretti. Sul banco degli imputati con l\u2019accusa di omicidio colposo ci sono medici e infermieri, oltre al medico di famiglia che hanno visitato la ragazza deceduta nell\u2019aprile del 2012 davanti al giudice Nicola Iansiti.<\/p>\n<p style=\"text-align: justify;\">Nel corso dell\u2019udienza \u00e8 stata autorizzata la citazione come responsabile civile la Asl e l\u2019Ares 118. La ragazza, secondo gli accertamenti della Procura, aveva avvertito dei forti dolori addominali ma, a causa di una diagnosi sbagliata &#8211; come \u00e8 emerso anche dalla consulenza &#8211; \u00e8 stato perso del tempo prezioso perch\u00e9 le possibilit\u00e0 di sopravvivenza erano molto alte. Sono sei le persone imputate.<\/p>\n","protected":false},"excerpt":{"rendered":"<p>LATINA &#8211;\u00a0E\u2019 stato rinviato al prossimo sette ottobre il processo per il decesso di Karin Dalla Senta, la ragazza di 26 anni di Latina, morta in circostanze tutte da chiarire al Santa Maria Goretti. Sul banco degli imputati con l\u2019accusa di omicidio colposo ci sono medici e infermieri, oltre al medico di famiglia che hanno [&hellip;]<\/p>\n","protected":false},"author":60,"featured_media":126094,"comment_status":"open","ping_status":"closed","sticky":false,"template":"","format":"standard","meta":{"footnotes":""},"categories":[7],"tags":[],"class_list":["post-165295","post","type-post","status-publish","format-standard","has-post-thumbnail","hentry","category-cronaca"],"_links":{"self":[{"href":"https:\/\/www.radioluna.it\/news\/wp-json\/wp\/v2\/posts\/165295","targetHints":{"allow":["GET"]}}],"collection":[{"href":"https:\/\/www.radioluna.it\/news\/wp-json\/wp\/v2\/posts"}],"about":[{"href":"https:\/\/www.radioluna.it\/news\/wp-json\/wp\/v2\/types\/post"}],"author":[{"embeddable":true,"href":"https:\/\/www.radioluna.it\/news\/wp-json\/wp\/v2\/users\/60"}],"replies":[{"embeddable":true,"href":"https:\/\/www.radioluna.it\/news\/wp-json\/wp\/v2\/comments?post=165295"}],"version-history":[{"count":0,"href":"https:\/\/www.radioluna.it\/news\/wp-json\/wp\/v2\/posts\/165295\/revisions"}],"wp:featuredmedia":[{"embeddable":true,"href":"https:\/\/www.radioluna.it\/news\/wp-json\/wp\/v2\/media\/126094"}],"wp:attachment":[{"href":"https:\/\/www.radioluna.it\/news\/wp-json\/wp\/v2\/media?parent=165295"}],"wp:term":[{"taxonomy":"category","embeddable":true,"href":"https:\/\/www.radioluna.it\/news\/wp-json\/wp\/v2\/categories?post=165295"},{"taxonomy":"post_tag","embeddable":true,"href":"https:\/\/www.radioluna.it\/news\/wp-json\/wp\/v2\/tags?post=165295"}],"curies":[{"name":"wp","href":"https:\/\/api.w.org\/{rel}","templated":true}]}}