{"id":165312,"date":"2015-06-18T10:13:01","date_gmt":"2015-06-18T08:13:01","guid":{"rendered":"http:\/\/www.radioluna.it\/news\/?p=165312"},"modified":"2015-06-18T10:13:01","modified_gmt":"2015-06-18T08:13:01","slug":"meloni-a-latina-per-spiegare-la-caduta-del-comune","status":"publish","type":"post","link":"https:\/\/www.radioluna.it\/news\/2015\/06\/meloni-a-latina-per-spiegare-la-caduta-del-comune\/","title":{"rendered":"Meloni a Latina per spiegare la caduta del Comune"},"content":{"rendered":"<div id=\"fb-root\"><\/div>\n<p style=\"text-align: justify;\"><img loading=\"lazy\" decoding=\"async\" class=\"alignleft size-medium wp-image-165313\" src=\"http:\/\/www.radioluna.it\/news\/wp-content\/uploads\/2015\/06\/meloni-300x245.jpg\" alt=\"meloni\" width=\"300\" height=\"245\" srcset=\"https:\/\/www.radioluna.it\/news\/wp-content\/uploads\/2015\/06\/meloni-300x245.jpg 300w, https:\/\/www.radioluna.it\/news\/wp-content\/uploads\/2015\/06\/meloni.jpg 438w\" sizes=\"auto, (max-width: 300px) 100vw, 300px\" \/>LATINA &#8211; La lite politica con Forza Italia dopo la sfiducia al sindaco Giovanni Di Giorgi, non si spegne. Luned\u00ec 22 giugno alle 12 Giorgia Meloni, presidente nazionale di Fratelli d\u2019Italia-Alleanza Nazionale, arriver\u00e0 a Latina per un&#8217;iniziativa di protesta. Sar\u00e0 con i suoi sotto la sede di Acqualatina, la societ\u00e0 per il controllo della quale si \u00e8 rotto l&#8217;accordo tra le forze di centrodestra in ambito locale (con la sfiducia ai sindaci Giovanni Di Giorgi (Latina) e Nicola Procaccini (Terracina). Fratelli D&#8217;Italia spiega da tempo che il tentativo di proporre una propria lista per il cda di Acqualatina &#8220;riportando il capoluogo al centro&#8221; in una societ\u00e0 da sempre dominata da Fondi, \u00e8 stato letto dagli ex alleati come un atto di \u00a0&#8220;lesa maest\u00e0 nei confronti del senatore Fazzone&#8221; che si \u00e8 poi vendicato facendo cadere le due amministrazioni. Per questo, la leader nazionale di Fratelli D&#8217;Italia, si prepara a sbarcare a Latina per spiegare &#8220;i veri motivi che hanno determinato la caduta dell\u2019Amministrazione Comunale di Latina&#8221;.<\/p>\n","protected":false},"excerpt":{"rendered":"<p>LATINA &#8211; La lite politica con Forza Italia dopo la sfiducia al sindaco Giovanni Di Giorgi, non si spegne. Luned\u00ec 22 giugno alle 12 Giorgia Meloni, presidente nazionale di Fratelli d\u2019Italia-Alleanza Nazionale, arriver\u00e0 a Latina per un&#8217;iniziativa di protesta. Sar\u00e0 con i suoi sotto la sede di Acqualatina, la societ\u00e0 per il controllo della quale [&hellip;]<\/p>\n","protected":false},"author":62,"featured_media":165313,"comment_status":"open","ping_status":"closed","sticky":false,"template":"","format":"standard","meta":{"footnotes":""},"categories":[8],"tags":[],"class_list":["post-165312","post","type-post","status-publish","format-standard","has-post-thumbnail","hentry","category-politica"],"_links":{"self":[{"href":"https:\/\/www.radioluna.it\/news\/wp-json\/wp\/v2\/posts\/165312","targetHints":{"allow":["GET"]}}],"collection":[{"href":"https:\/\/www.radioluna.it\/news\/wp-json\/wp\/v2\/posts"}],"about":[{"href":"https:\/\/www.radioluna.it\/news\/wp-json\/wp\/v2\/types\/post"}],"author":[{"embeddable":true,"href":"https:\/\/www.radioluna.it\/news\/wp-json\/wp\/v2\/users\/62"}],"replies":[{"embeddable":true,"href":"https:\/\/www.radioluna.it\/news\/wp-json\/wp\/v2\/comments?post=165312"}],"version-history":[{"count":0,"href":"https:\/\/www.radioluna.it\/news\/wp-json\/wp\/v2\/posts\/165312\/revisions"}],"wp:featuredmedia":[{"embeddable":true,"href":"https:\/\/www.radioluna.it\/news\/wp-json\/wp\/v2\/media\/165313"}],"wp:attachment":[{"href":"https:\/\/www.radioluna.it\/news\/wp-json\/wp\/v2\/media?parent=165312"}],"wp:term":[{"taxonomy":"category","embeddable":true,"href":"https:\/\/www.radioluna.it\/news\/wp-json\/wp\/v2\/categories?post=165312"},{"taxonomy":"post_tag","embeddable":true,"href":"https:\/\/www.radioluna.it\/news\/wp-json\/wp\/v2\/tags?post=165312"}],"curies":[{"name":"wp","href":"https:\/\/api.w.org\/{rel}","templated":true}]}}