{"id":165324,"date":"2015-06-18T14:33:44","date_gmt":"2015-06-18T12:33:44","guid":{"rendered":"http:\/\/www.radioluna.it\/news\/?p=165324"},"modified":"2015-06-18T14:33:44","modified_gmt":"2015-06-18T12:33:44","slug":"un-expo-in-note-i-salotti-musicali-di-latina","status":"publish","type":"post","link":"https:\/\/www.radioluna.it\/news\/2015\/06\/un-expo-in-note-i-salotti-musicali-di-latina\/","title":{"rendered":"Un expo&#8217; in note, i Salotti Musicali di Latina"},"content":{"rendered":"<div id=\"fb-root\"><\/div>\n<div id=\"attachment_165328\" style=\"width: 230px\" class=\"wp-caption alignleft\"><img loading=\"lazy\" decoding=\"async\" aria-describedby=\"caption-attachment-165328\" class=\"size-full wp-image-165328\" src=\"http:\/\/www.radioluna.it\/news\/wp-content\/uploads\/2015\/06\/antonella-ruggiero.jpg\" alt=\"Antonella Ruggiero\" width=\"220\" height=\"229\" \/><p id=\"caption-attachment-165328\" class=\"wp-caption-text\">Antonella Ruggiero<\/p><\/div>\n<p style=\"text-align: justify;\"><strong>LATINA<\/strong> &#8211; \u00a0&#8220;Un Expo&#8217; in note&#8221;. Alfredo Romano, direttore artistico dei Salotti Musicali, descrive cos\u00ec la rassegna musicale organizzata dall&#8217;Associazione Eleomai, presieduta dall&#8217;avvocato\u00a0Eleonora Schillaci, \u00a0e presentata all&#8217;Hotel Europa. Cinque appuntamenti &#8220;con un taglio giovane e spumeggiante&#8221;, che sar\u00e0 un po&#8217; un viaggio tra generi e musiche dal mondo.<\/p>\n<p style=\"text-align: justify;\"><strong>GLI APPUNTAMENTI<\/strong> &#8211; Un violinista istrionico come Gilles Apap che passer\u00e0 da Latina prima di esibirsi alla Fenice di Venezia (il 3 luglio); la voce di Antonella Ruggiero accompagnata dal piano di Andrea Bacchetti (personaggio televisivo con Chiambretti) (il 9 luglio); un intermezzo di tango, con il progetto sperimentale di Maristella Patuzzi al violino e Floraleda Sacchi all&#8217;arpa (17 lulgio): &#8220;Un&#8217;abbinamento insolito &#8211; ha sottolineato Romano &#8211; che siamo curiosi di ascoltare e di proporre al nostro pubblico&#8221;. Torna a Latina anche Doctor 3, Danilo Rea al pianoforte con Enzo Pietropaoli al contrabbasso e Fabrizio Sferra alla batteria (24 luglio), mentre la chiusura \u00e8 affidata \u00a0alla Med Free Orchestra che nei suoi live propone un pop.rock-balcanico-mediterraneo-orientale. ASCOLTA<\/p>\n<audio class=\"wp-audio-shortcode\" id=\"audio-165324-1\" preload=\"none\" style=\"width: 100%;\" controls=\"controls\"><source type=\"audio\/mpeg\" src=\"http:\/\/www.radioluna.it\/news\/wp-content\/uploads\/2015\/06\/ALFREDO-ROMANO-SALOTTI-2015.mp3?_=1\" \/><a href=\"http:\/\/www.radioluna.it\/news\/wp-content\/uploads\/2015\/06\/ALFREDO-ROMANO-SALOTTI-2015.mp3\">http:\/\/www.radioluna.it\/news\/wp-content\/uploads\/2015\/06\/ALFREDO-ROMANO-SALOTTI-2015.mp3<\/a><\/audio>\n<p style=\"text-align: justify;\">A sostenere l&#8217;iniziativa ci sono Giovani Imprenditori e Rotaract. &#8220;Lavoriamo in tre direzioni, la cultura, la cultura d&#8217;impresa e le start up. Per quanto riguarda il primo punto \u00e8 ad iniziative come questa che guardiamo, ritenendo che la cultura sia la base di qualsiasi attivit\u00e0&#8221;, ha detto Christian Papa, presidente del Gruppo Giovani Imprenditori di Unindustria Latina.<\/p>\n<p style=\"text-align: justify;\">&#8220;Cultura e bello devono tornare protagonisti a Latina, il \u00a0Rotaract Club \u00e8 felice di essere presente ininziative come questa perch\u00e9 \u00e8 impegnato nella promozione della cultura &#8211; spiega il presidente \u00a0Francesco Simeone &#8211; Noi giovani dobbiamo rimboccarci le maniche \u00a0e lavorare per contribuire alla crescita della societ\u00e0 in cui viviamo&#8221;.<\/p>\n<div class=\"radio-posizionamento-telefono-in-articoli-dopo-il-contenuto-articolo radio-entity-placement\" id=\"radio-2754504787\"><div id=\"radio-421021278\"><a href=\"https:\/\/www.simeoneceramiche.com\/\" aria-label=\"SIMEONE CERAMICHE GIF animata per radioluna_Tavola disegno 1 copia 2 (online-video-cutter.com)\"><img loading=\"lazy\" decoding=\"async\" src=\"https:\/\/www.radioluna.it\/news\/wp-content\/uploads\/2025\/05\/SIMEONE-CERAMICHE-GIF-animata-per-radioluna_Tavola-disegno-1-copia-2-online-video-cutter.com_.gif\" alt=\"\"  width=\"300\" height=\"250\"   \/><\/a><\/div><\/div>","protected":false},"excerpt":{"rendered":"<p>LATINA &#8211; \u00a0&#8220;Un Expo&#8217; in note&#8221;. Alfredo Romano, direttore artistico dei Salotti Musicali, descrive cos\u00ec la rassegna musicale organizzata dall&#8217;Associazione Eleomai, presieduta dall&#8217;avvocato\u00a0Eleonora Schillaci, \u00a0e presentata all&#8217;Hotel Europa. Cinque appuntamenti &#8220;con un taglio giovane e spumeggiante&#8221;, che sar\u00e0 un po&#8217; un viaggio tra generi e musiche dal mondo. GLI APPUNTAMENTI &#8211; Un violinista istrionico come [&hellip;]<\/p>\n","protected":false},"author":62,"featured_media":165328,"comment_status":"open","ping_status":"closed","sticky":false,"template":"","format":"standard","meta":{"footnotes":""},"categories":[16,2310],"tags":[],"class_list":["post-165324","post","type-post","status-publish","format-standard","has-post-thumbnail","hentry","category-appuntamenti","category-audio"],"_links":{"self":[{"href":"https:\/\/www.radioluna.it\/news\/wp-json\/wp\/v2\/posts\/165324","targetHints":{"allow":["GET"]}}],"collection":[{"href":"https:\/\/www.radioluna.it\/news\/wp-json\/wp\/v2\/posts"}],"about":[{"href":"https:\/\/www.radioluna.it\/news\/wp-json\/wp\/v2\/types\/post"}],"author":[{"embeddable":true,"href":"https:\/\/www.radioluna.it\/news\/wp-json\/wp\/v2\/users\/62"}],"replies":[{"embeddable":true,"href":"https:\/\/www.radioluna.it\/news\/wp-json\/wp\/v2\/comments?post=165324"}],"version-history":[{"count":0,"href":"https:\/\/www.radioluna.it\/news\/wp-json\/wp\/v2\/posts\/165324\/revisions"}],"wp:featuredmedia":[{"embeddable":true,"href":"https:\/\/www.radioluna.it\/news\/wp-json\/wp\/v2\/media\/165328"}],"wp:attachment":[{"href":"https:\/\/www.radioluna.it\/news\/wp-json\/wp\/v2\/media?parent=165324"}],"wp:term":[{"taxonomy":"category","embeddable":true,"href":"https:\/\/www.radioluna.it\/news\/wp-json\/wp\/v2\/categories?post=165324"},{"taxonomy":"post_tag","embeddable":true,"href":"https:\/\/www.radioluna.it\/news\/wp-json\/wp\/v2\/tags?post=165324"}],"curies":[{"name":"wp","href":"https:\/\/api.w.org\/{rel}","templated":true}]}}