{"id":165340,"date":"2015-06-18T20:15:36","date_gmt":"2015-06-18T18:15:36","guid":{"rendered":"http:\/\/www.radioluna.it\/news\/?p=165340"},"modified":"2015-06-18T20:15:36","modified_gmt":"2015-06-18T18:15:36","slug":"allarme-di-confartigianato-piccole-imprese-sempre-piu-penalizzate","status":"publish","type":"post","link":"https:\/\/www.radioluna.it\/news\/2015\/06\/allarme-di-confartigianato-piccole-imprese-sempre-piu-penalizzate\/","title":{"rendered":"Allarme di Confartigianato: piccole imprese sempre pi\u00f9 penalizzate"},"content":{"rendered":"<div id=\"fb-root\"><\/div>\n<p><strong><img loading=\"lazy\" decoding=\"async\" class=\"aligncenter size-thumbnail wp-image-165341\" src=\"http:\/\/www.radioluna.it\/news\/wp-content\/uploads\/2015\/06\/Aldo-Mantovani-Presidente-Confartigianato-635x476.jpg\" alt=\"Aldo Mantovani Presidente Confartigianato\" width=\"635\" height=\"476\" srcset=\"https:\/\/www.radioluna.it\/news\/wp-content\/uploads\/2015\/06\/Aldo-Mantovani-Presidente-Confartigianato-635x476.jpg 635w, https:\/\/www.radioluna.it\/news\/wp-content\/uploads\/2015\/06\/Aldo-Mantovani-Presidente-Confartigianato-768x576.jpg 768w, https:\/\/www.radioluna.it\/news\/wp-content\/uploads\/2015\/06\/Aldo-Mantovani-Presidente-Confartigianato-500x375.jpg 500w, https:\/\/www.radioluna.it\/news\/wp-content\/uploads\/2015\/06\/Aldo-Mantovani-Presidente-Confartigianato-300x225.jpg 300w, https:\/\/www.radioluna.it\/news\/wp-content\/uploads\/2015\/06\/Aldo-Mantovani-Presidente-Confartigianato-800x600.jpg 800w, https:\/\/www.radioluna.it\/news\/wp-content\/uploads\/2015\/06\/Aldo-Mantovani-Presidente-Confartigianato.jpg 960w\" sizes=\"auto, (max-width: 635px) 100vw, 635px\" \/><\/strong><\/p>\n<p style=\"text-align: justify;\"><strong>LATINA<\/strong> &#8211; Un\u00a0Forum sul business creditizio per affrontare la spinosa tematica dell&#8217;accesso al credito da parte dei piccoli e medi imprenditori. Si \u00e8 svolto all&#8217;Hotel Europa l&#8217;incontro in collaborazione con la Camera di Commercio di Latina, dove \u00e8 intervenuto anche il vice direttore generale dell\u2019Artigiancassa, Francesco Simone. L\u2019evento \u00e8 stato presieduto da Aldo Mantovani, presidente Confartigianato, che ha evidenziato come il sistema politico non guardi con attenzione alle piccole imprese oggi sempre pi\u00f9 penalizzate. Sono intervenuti anche il vice segretario generale della Camera di Commercio \u00a0Domenico Spagnoli con il presidente dell\u2019ordine dei consulenti del lavoro Lanfranco Principi, Carmelo Paolino e la consigliera dell\u2019ordine dei commercialisti Adelia Davoli con l&#8217;avvocato Alessandro Saieva che ha affrontato il problema Equitalia con tutte le problematiche che vessano sulle imprese.<\/p>\n<p style=\"text-align: justify;\">&#8220;Il Forum \u2013 ha sottolineato Ivan Simeone direttore di Confartigianato- vuole essere un momento inserito in un progetto pi\u00f9 articolato che vedr\u00e0 a breve una analisi che verr\u00e0 fatta presso un campione di aziende pontine, con l\u2019obiettivo di comprendere le reali esigenze del tessuto produttivo locale, uno sportello di start up e bandi europei che partir\u00e0 a settembre prossimo e un momento di sintesi finali dei dati raccolti e delle esigenze espresse&#8221;. \u00a0Ivan Simeone ha evidenziato come sia oggi necessario che gli imprenditori\u00a0si confrontino tra loro e insieme trovino nuove strade da percorrere e nuovi obiettivi da perseguire. &#8220;Ecco l\u2019 idea di un vero \u201cClub delle PMI\u201d come strumento di imprenditori per gli imprenditori, \u00e8 necessario &#8211; ha sottolineato Ivan Simeone &#8211; che gli imprenditori facciano rete tra loro formando una rete amicale operativa in cui confrontarsi e fare business. Confartigianato come una reale e concreta \u201ccomunit\u00e0 di imprenditori\u201d.<\/p>\n","protected":false},"excerpt":{"rendered":"<p>LATINA &#8211; Un\u00a0Forum sul business creditizio per affrontare la spinosa tematica dell&#8217;accesso al credito da parte dei piccoli e medi imprenditori. Si \u00e8 svolto all&#8217;Hotel Europa l&#8217;incontro in collaborazione con la Camera di Commercio di Latina, dove \u00e8 intervenuto anche il vice direttore generale dell\u2019Artigiancassa, Francesco Simone. L\u2019evento \u00e8 stato presieduto da Aldo Mantovani, presidente [&hellip;]<\/p>\n","protected":false},"author":60,"featured_media":165341,"comment_status":"open","ping_status":"closed","sticky":false,"template":"","format":"standard","meta":{"footnotes":""},"categories":[11],"tags":[],"class_list":["post-165340","post","type-post","status-publish","format-standard","has-post-thumbnail","hentry","category-economia"],"_links":{"self":[{"href":"https:\/\/www.radioluna.it\/news\/wp-json\/wp\/v2\/posts\/165340","targetHints":{"allow":["GET"]}}],"collection":[{"href":"https:\/\/www.radioluna.it\/news\/wp-json\/wp\/v2\/posts"}],"about":[{"href":"https:\/\/www.radioluna.it\/news\/wp-json\/wp\/v2\/types\/post"}],"author":[{"embeddable":true,"href":"https:\/\/www.radioluna.it\/news\/wp-json\/wp\/v2\/users\/60"}],"replies":[{"embeddable":true,"href":"https:\/\/www.radioluna.it\/news\/wp-json\/wp\/v2\/comments?post=165340"}],"version-history":[{"count":0,"href":"https:\/\/www.radioluna.it\/news\/wp-json\/wp\/v2\/posts\/165340\/revisions"}],"wp:featuredmedia":[{"embeddable":true,"href":"https:\/\/www.radioluna.it\/news\/wp-json\/wp\/v2\/media\/165341"}],"wp:attachment":[{"href":"https:\/\/www.radioluna.it\/news\/wp-json\/wp\/v2\/media?parent=165340"}],"wp:term":[{"taxonomy":"category","embeddable":true,"href":"https:\/\/www.radioluna.it\/news\/wp-json\/wp\/v2\/categories?post=165340"},{"taxonomy":"post_tag","embeddable":true,"href":"https:\/\/www.radioluna.it\/news\/wp-json\/wp\/v2\/tags?post=165340"}],"curies":[{"name":"wp","href":"https:\/\/api.w.org\/{rel}","templated":true}]}}