{"id":165349,"date":"2015-06-19T08:53:28","date_gmt":"2015-06-19T06:53:28","guid":{"rendered":"http:\/\/www.radioluna.it\/news\/?p=165349"},"modified":"2015-06-19T08:53:54","modified_gmt":"2015-06-19T06:53:54","slug":"via-libera-al-francioni-ha-i-posti-necessari-per-la-b","status":"publish","type":"post","link":"https:\/\/www.radioluna.it\/news\/2015\/06\/via-libera-al-francioni-ha-i-posti-necessari-per-la-b\/","title":{"rendered":"Via libera al Francioni, ha i posti necessari per la B"},"content":{"rendered":"<div id=\"fb-root\"><\/div>\n<p style=\"text-align: justify;\"><strong><img loading=\"lazy\" decoding=\"async\" class=\"alignleft size-medium wp-image-13305\" src=\"http:\/\/www.radioluna.it\/news\/wp-content\/uploads\/2010\/09\/Stadio_francioni-300x219.jpg\" alt=\"Stadio_francioni\" width=\"300\" height=\"219\" \/>LATINA<\/strong> &#8211;\u00a0Il Francioni ha il via libera. E&#8217; stata accordata allo stadio di Latina la concessione d&#8217;uso per 5551 posti, praticamente uno in pi\u00f9 di quanto richiede la Lega per l&#8217;iscrizione al campionato cadetto. Problema risolto dunque per la societ\u00e0 sportiva Us Latina Calcio che aveva i giorni contati per sbrigare la complicata pratica che consentir\u00e0 ai nerazzurri di poter tornare in campo con le altre squadre di serie B. Lo stadio cittadino deve infatti avere la licenza nazionale e l&#8217;ormai nota vicenda del sequestro della curva sud mai risolto, metteva a rischio l&#8217;operazione. Sono state giornate piuttosto convulse quelle che hanno preceduto il rinnovo della concessione, e il problema dello stadio \u00e8 stato uno dei primi di cui si \u00e8 dovuto occupare il commissario prefettizio Giacomo Barbato.<\/p>\n","protected":false},"excerpt":{"rendered":"<p>LATINA &#8211;\u00a0Il Francioni ha il via libera. E&#8217; stata accordata allo stadio di Latina la concessione d&#8217;uso per 5551 posti, praticamente uno in pi\u00f9 di quanto richiede la Lega per l&#8217;iscrizione al campionato cadetto. Problema risolto dunque per la societ\u00e0 sportiva Us Latina Calcio che aveva i giorni contati per sbrigare la complicata pratica che [&hellip;]<\/p>\n","protected":false},"author":62,"featured_media":0,"comment_status":"open","ping_status":"closed","sticky":false,"template":"","format":"standard","meta":{"footnotes":""},"categories":[17],"tags":[],"class_list":["post-165349","post","type-post","status-publish","format-standard","hentry","category-sport"],"_links":{"self":[{"href":"https:\/\/www.radioluna.it\/news\/wp-json\/wp\/v2\/posts\/165349","targetHints":{"allow":["GET"]}}],"collection":[{"href":"https:\/\/www.radioluna.it\/news\/wp-json\/wp\/v2\/posts"}],"about":[{"href":"https:\/\/www.radioluna.it\/news\/wp-json\/wp\/v2\/types\/post"}],"author":[{"embeddable":true,"href":"https:\/\/www.radioluna.it\/news\/wp-json\/wp\/v2\/users\/62"}],"replies":[{"embeddable":true,"href":"https:\/\/www.radioluna.it\/news\/wp-json\/wp\/v2\/comments?post=165349"}],"version-history":[{"count":0,"href":"https:\/\/www.radioluna.it\/news\/wp-json\/wp\/v2\/posts\/165349\/revisions"}],"wp:attachment":[{"href":"https:\/\/www.radioluna.it\/news\/wp-json\/wp\/v2\/media?parent=165349"}],"wp:term":[{"taxonomy":"category","embeddable":true,"href":"https:\/\/www.radioluna.it\/news\/wp-json\/wp\/v2\/categories?post=165349"},{"taxonomy":"post_tag","embeddable":true,"href":"https:\/\/www.radioluna.it\/news\/wp-json\/wp\/v2\/tags?post=165349"}],"curies":[{"name":"wp","href":"https:\/\/api.w.org\/{rel}","templated":true}]}}