{"id":165358,"date":"2015-06-19T11:15:02","date_gmt":"2015-06-19T09:15:02","guid":{"rendered":"http:\/\/www.radioluna.it\/news\/?p=165358"},"modified":"2015-06-20T10:43:04","modified_gmt":"2015-06-20T08:43:04","slug":"incidente-mortale-sulla-pontina-ad-aprilia-schianto-tra-unaudi-e-un-camion-una-vittima","status":"publish","type":"post","link":"https:\/\/www.radioluna.it\/news\/2015\/06\/incidente-mortale-sulla-pontina-ad-aprilia-schianto-tra-unaudi-e-un-camion-una-vittima\/","title":{"rendered":"Incidente sulla Pontina, muore Maurizio Gherardi"},"content":{"rendered":"<div id=\"fb-root\"><\/div>\n<p style=\"text-align: justify;\"><img loading=\"lazy\" decoding=\"async\" class=\"aligncenter wp-image-165361 size-thumbnail\" src=\"http:\/\/www.radioluna.it\/news\/wp-content\/uploads\/2015\/06\/tamponamento-2-635x476.jpg\" alt=\"tamponamento 2\" width=\"635\" height=\"476\" srcset=\"https:\/\/www.radioluna.it\/news\/wp-content\/uploads\/2015\/06\/tamponamento-2-635x476.jpg 635w, https:\/\/www.radioluna.it\/news\/wp-content\/uploads\/2015\/06\/tamponamento-2-768x576.jpg 768w, https:\/\/www.radioluna.it\/news\/wp-content\/uploads\/2015\/06\/tamponamento-2-500x375.jpg 500w, https:\/\/www.radioluna.it\/news\/wp-content\/uploads\/2015\/06\/tamponamento-2-300x225.jpg 300w, https:\/\/www.radioluna.it\/news\/wp-content\/uploads\/2015\/06\/tamponamento-2-1024x768.jpg 1024w, https:\/\/www.radioluna.it\/news\/wp-content\/uploads\/2015\/06\/tamponamento-2-800x600.jpg 800w, https:\/\/www.radioluna.it\/news\/wp-content\/uploads\/2015\/06\/tamponamento-2.jpg 1000w\" sizes=\"auto, (max-width: 635px) 100vw, 635px\" \/>APRILIA &#8211; Tragico incidente stradale sulla Pontina all&#8217;altezza di Aprilia. Sulla corsia nord in direzione di Roma, un tir ha improvvisamente tamponato l&#8217;auto che lo precedeva, un&#8217;Audi station wagon. Il conducente della vettura Maurizio Gherardi 66 anni, dirigente alla Sicamb, poco dopo \u00e8 deceduto, probabilmente colto da un infarto. Sull&#8217;arteria nel tratto tra lo svincolo con la Nettunense e Via delle Valli \u00e8 atterrata anche l&#8217;eliambulanza del 118, ma non c&#8217;\u00e8 stato nulla da fare. \u00a0La strada \u00e8 rimasta a lungo chiusa e sul tratto si \u00e8 formata una lunga coda. Ferita e sotto choc la moglie di Gherardi che viaggiava sul sedile passeggero. La dinamica \u00e8 in fase di ricostruzione da parte della polizia stradale anche per comprendere se il malore abbia preceduto o sia stato la conseguenza dell&#8217;incidente.<\/p>\n","protected":false},"excerpt":{"rendered":"<p>APRILIA &#8211; Tragico incidente stradale sulla Pontina all&#8217;altezza di Aprilia. Sulla corsia nord in direzione di Roma, un tir ha improvvisamente tamponato l&#8217;auto che lo precedeva, un&#8217;Audi station wagon. Il conducente della vettura Maurizio Gherardi 66 anni, dirigente alla Sicamb, poco dopo \u00e8 deceduto, probabilmente colto da un infarto. Sull&#8217;arteria nel tratto tra lo svincolo [&hellip;]<\/p>\n","protected":false},"author":62,"featured_media":165361,"comment_status":"open","ping_status":"closed","sticky":false,"template":"","format":"standard","meta":{"footnotes":""},"categories":[7],"tags":[],"class_list":["post-165358","post","type-post","status-publish","format-standard","has-post-thumbnail","hentry","category-cronaca"],"_links":{"self":[{"href":"https:\/\/www.radioluna.it\/news\/wp-json\/wp\/v2\/posts\/165358","targetHints":{"allow":["GET"]}}],"collection":[{"href":"https:\/\/www.radioluna.it\/news\/wp-json\/wp\/v2\/posts"}],"about":[{"href":"https:\/\/www.radioluna.it\/news\/wp-json\/wp\/v2\/types\/post"}],"author":[{"embeddable":true,"href":"https:\/\/www.radioluna.it\/news\/wp-json\/wp\/v2\/users\/62"}],"replies":[{"embeddable":true,"href":"https:\/\/www.radioluna.it\/news\/wp-json\/wp\/v2\/comments?post=165358"}],"version-history":[{"count":0,"href":"https:\/\/www.radioluna.it\/news\/wp-json\/wp\/v2\/posts\/165358\/revisions"}],"wp:featuredmedia":[{"embeddable":true,"href":"https:\/\/www.radioluna.it\/news\/wp-json\/wp\/v2\/media\/165361"}],"wp:attachment":[{"href":"https:\/\/www.radioluna.it\/news\/wp-json\/wp\/v2\/media?parent=165358"}],"wp:term":[{"taxonomy":"category","embeddable":true,"href":"https:\/\/www.radioluna.it\/news\/wp-json\/wp\/v2\/categories?post=165358"},{"taxonomy":"post_tag","embeddable":true,"href":"https:\/\/www.radioluna.it\/news\/wp-json\/wp\/v2\/tags?post=165358"}],"curies":[{"name":"wp","href":"https:\/\/api.w.org\/{rel}","templated":true}]}}