{"id":165377,"date":"2015-06-19T19:09:27","date_gmt":"2015-06-19T17:09:27","guid":{"rendered":"http:\/\/www.radioluna.it\/news\/?p=165377"},"modified":"2015-06-22T07:24:46","modified_gmt":"2015-06-22T05:24:46","slug":"delitto-piccolino-rossi-dal-gip-dopo-lomicidio-mi-volevo-uccidere","status":"publish","type":"post","link":"https:\/\/www.radioluna.it\/news\/2015\/06\/delitto-piccolino-rossi-dal-gip-dopo-lomicidio-mi-volevo-uccidere\/","title":{"rendered":"Delitto Piccolino, Rossi dal gip: &#8220;Dopo l&#8217;omicidio mi volevo uccidere&#8221;"},"content":{"rendered":"<div id=\"fb-root\"><\/div>\n<p style=\"text-align: justify;\"><strong><img loading=\"lazy\" decoding=\"async\" class=\"aligncenter size-thumbnail wp-image-165378\" src=\"http:\/\/www.radioluna.it\/news\/wp-content\/uploads\/2015\/06\/omicidio-piccolino1-635x422.jpg\" alt=\"omicidio piccolino\" width=\"635\" height=\"422\" srcset=\"https:\/\/www.radioluna.it\/news\/wp-content\/uploads\/2015\/06\/omicidio-piccolino1-635x422.jpg 635w, https:\/\/www.radioluna.it\/news\/wp-content\/uploads\/2015\/06\/omicidio-piccolino1-768x510.jpg 768w, https:\/\/www.radioluna.it\/news\/wp-content\/uploads\/2015\/06\/omicidio-piccolino1-500x332.jpg 500w, https:\/\/www.radioluna.it\/news\/wp-content\/uploads\/2015\/06\/omicidio-piccolino1-600x400.jpg 600w, https:\/\/www.radioluna.it\/news\/wp-content\/uploads\/2015\/06\/omicidio-piccolino1-300x199.jpg 300w, https:\/\/www.radioluna.it\/news\/wp-content\/uploads\/2015\/06\/omicidio-piccolino1-1024x680.jpg 1024w, https:\/\/www.radioluna.it\/news\/wp-content\/uploads\/2015\/06\/omicidio-piccolino1-800x532.jpg 800w, https:\/\/www.radioluna.it\/news\/wp-content\/uploads\/2015\/06\/omicidio-piccolino1.jpg 1000w\" sizes=\"auto, (max-width: 635px) 100vw, 635px\" \/>LATINA\u00a0<\/strong>&#8211; Ha confermato tutto e ha confessato di aver ucciso l&#8217;avvocato Mario Piccolino per le vecchie ruggini giudiziarie legate ad una causa civile per una grotta a Ventotene. Michele Rossi, il presunto autore dell&#8217;omicidio avvenuto lo scorso 29 maggio a Formia nello studio legale della vittima, ha parlato per oltre un&#8217;ora questa mattina nel carcere di Cassino. &lt;Dopo il delitto mi volevo uccidere&gt;, ha rivelato al gip di Cassino Angelo Lanna che alla fine dell&#8217;interrogatorio ha convalidato l&#8217;arresto e nell&#8217;ordinanza di custodia cautelare il magistrato sostiene che &lt;Il delitto \u00e8 l&#8217;esito finale di una lucida follia dell&#8217;indagato&gt; e la sua condotta sar\u00e0 da valutare, forse con una perizia psichiatrica, una richiesta ques&#8217;ultima che sar\u00e0 probabilmente a breve presentata dalla difesa di Rossi. Intanto si cerca l&#8217;arma del delitto nel fiume Garigliano ma al momento le ricerche sono vane.<\/p>\n<div class=\"radio-posizionamento-telefono-in-articoli-dopo-il-contenuto-articolo radio-entity-placement\" id=\"radio-1378614288\"><div id=\"radio-1043347899\" style=\"width: 300px;height: 250px;\"><a href=\"https:\/\/www.icarspa.it\/auto\/usate\/latina\/\" aria-label=\"banner aprile icar new life &#8211; auto usate latina\"><img loading=\"lazy\" decoding=\"async\" src=\"https:\/\/www.radioluna.it\/news\/wp-content\/uploads\/2026\/02\/banner-aprile-icar-new-life-auto-usate-latina.gif\" alt=\"\"  width=\"300\" height=\"250\"   \/><\/a><\/div><\/div>","protected":false},"excerpt":{"rendered":"<p>LATINA\u00a0&#8211; Ha confermato tutto e ha confessato di aver ucciso l&#8217;avvocato Mario Piccolino per le vecchie ruggini giudiziarie legate ad una causa civile per una grotta a Ventotene. Michele Rossi, il presunto autore dell&#8217;omicidio avvenuto lo scorso 29 maggio a Formia nello studio legale della vittima, ha parlato per oltre un&#8217;ora questa mattina nel carcere [&hellip;]<\/p>\n","protected":false},"author":60,"featured_media":165378,"comment_status":"open","ping_status":"closed","sticky":false,"template":"","format":"standard","meta":{"footnotes":""},"categories":[7],"tags":[],"class_list":["post-165377","post","type-post","status-publish","format-standard","has-post-thumbnail","hentry","category-cronaca"],"_links":{"self":[{"href":"https:\/\/www.radioluna.it\/news\/wp-json\/wp\/v2\/posts\/165377","targetHints":{"allow":["GET"]}}],"collection":[{"href":"https:\/\/www.radioluna.it\/news\/wp-json\/wp\/v2\/posts"}],"about":[{"href":"https:\/\/www.radioluna.it\/news\/wp-json\/wp\/v2\/types\/post"}],"author":[{"embeddable":true,"href":"https:\/\/www.radioluna.it\/news\/wp-json\/wp\/v2\/users\/60"}],"replies":[{"embeddable":true,"href":"https:\/\/www.radioluna.it\/news\/wp-json\/wp\/v2\/comments?post=165377"}],"version-history":[{"count":0,"href":"https:\/\/www.radioluna.it\/news\/wp-json\/wp\/v2\/posts\/165377\/revisions"}],"wp:featuredmedia":[{"embeddable":true,"href":"https:\/\/www.radioluna.it\/news\/wp-json\/wp\/v2\/media\/165378"}],"wp:attachment":[{"href":"https:\/\/www.radioluna.it\/news\/wp-json\/wp\/v2\/media?parent=165377"}],"wp:term":[{"taxonomy":"category","embeddable":true,"href":"https:\/\/www.radioluna.it\/news\/wp-json\/wp\/v2\/categories?post=165377"},{"taxonomy":"post_tag","embeddable":true,"href":"https:\/\/www.radioluna.it\/news\/wp-json\/wp\/v2\/tags?post=165377"}],"curies":[{"name":"wp","href":"https:\/\/api.w.org\/{rel}","templated":true}]}}