{"id":165452,"date":"2015-06-22T10:09:23","date_gmt":"2015-06-22T08:09:23","guid":{"rendered":"http:\/\/www.radioluna.it\/news\/?p=165452"},"modified":"2015-06-23T18:54:06","modified_gmt":"2015-06-23T16:54:06","slug":"nel-lazio-saldi-estivi-a-partire-dal-4-luglio","status":"publish","type":"post","link":"https:\/\/www.radioluna.it\/news\/2015\/06\/nel-lazio-saldi-estivi-a-partire-dal-4-luglio\/","title":{"rendered":"Nel Lazio saldi estivi a partire dal 4 luglio"},"content":{"rendered":"<div id=\"fb-root\"><\/div>\n<p style=\"text-align: justify;\"><strong><img loading=\"lazy\" decoding=\"async\" class=\"alignleft wp-image-113969 size-medium\" src=\"http:\/\/www.radioluna.it\/news\/wp-content\/uploads\/2012\/01\/Saldi-2012-1-300x225.jpg\" alt=\"Saldi-2012-1\" width=\"300\" height=\"225\" srcset=\"https:\/\/www.radioluna.it\/news\/wp-content\/uploads\/2012\/01\/Saldi-2012-1-300x225.jpg 300w, https:\/\/www.radioluna.it\/news\/wp-content\/uploads\/2012\/01\/Saldi-2012-1-500x375.jpg 500w, https:\/\/www.radioluna.it\/news\/wp-content\/uploads\/2012\/01\/Saldi-2012-1.jpg 640w\" sizes=\"auto, (max-width: 300px) 100vw, 300px\" \/>LATINA<\/strong> &#8211;\u00a0\u201cI saldi estivi nella Regione Lazio inizieranno il 4 luglio\u201d. Lo rende noto l\u2019assessore regionale allo Sviluppo Economico e Attivit\u00e0 Produttive, Guido Fabiani. Si conferma quanto gi\u00e0 stabilito lo scorso anno e cio\u00e8 che la data di inizio delle vendite di fine stagione \u00e8 fissata al primo sabato del mese di luglio, anche se sono in molti a praticare gi\u00e0 ora alla clientela riduzioni del prezzo.\u201cCi auguriamo, anche alla luce dei primi timidi segnali di ripresa dell\u2019economia laziale \u2013 ha dichiarato l\u2019assessore Fabiani \u2013 che i saldi estivi di quest\u2019anno possano essere un\u2019ulteriore occasione di rilancio dei consumi e di sostegno del comparto del commercio, un settore cardine per l\u2019economia della nostra regione.\u201d<\/p>\n","protected":false},"excerpt":{"rendered":"<p>LATINA &#8211;\u00a0\u201cI saldi estivi nella Regione Lazio inizieranno il 4 luglio\u201d. Lo rende noto l\u2019assessore regionale allo Sviluppo Economico e Attivit\u00e0 Produttive, Guido Fabiani. Si conferma quanto gi\u00e0 stabilito lo scorso anno e cio\u00e8 che la data di inizio delle vendite di fine stagione \u00e8 fissata al primo sabato del mese di luglio, anche se [&hellip;]<\/p>\n","protected":false},"author":62,"featured_media":113969,"comment_status":"open","ping_status":"closed","sticky":false,"template":"","format":"standard","meta":{"footnotes":""},"categories":[11],"tags":[],"class_list":["post-165452","post","type-post","status-publish","format-standard","has-post-thumbnail","hentry","category-economia"],"_links":{"self":[{"href":"https:\/\/www.radioluna.it\/news\/wp-json\/wp\/v2\/posts\/165452","targetHints":{"allow":["GET"]}}],"collection":[{"href":"https:\/\/www.radioluna.it\/news\/wp-json\/wp\/v2\/posts"}],"about":[{"href":"https:\/\/www.radioluna.it\/news\/wp-json\/wp\/v2\/types\/post"}],"author":[{"embeddable":true,"href":"https:\/\/www.radioluna.it\/news\/wp-json\/wp\/v2\/users\/62"}],"replies":[{"embeddable":true,"href":"https:\/\/www.radioluna.it\/news\/wp-json\/wp\/v2\/comments?post=165452"}],"version-history":[{"count":0,"href":"https:\/\/www.radioluna.it\/news\/wp-json\/wp\/v2\/posts\/165452\/revisions"}],"wp:featuredmedia":[{"embeddable":true,"href":"https:\/\/www.radioluna.it\/news\/wp-json\/wp\/v2\/media\/113969"}],"wp:attachment":[{"href":"https:\/\/www.radioluna.it\/news\/wp-json\/wp\/v2\/media?parent=165452"}],"wp:term":[{"taxonomy":"category","embeddable":true,"href":"https:\/\/www.radioluna.it\/news\/wp-json\/wp\/v2\/categories?post=165452"},{"taxonomy":"post_tag","embeddable":true,"href":"https:\/\/www.radioluna.it\/news\/wp-json\/wp\/v2\/tags?post=165452"}],"curies":[{"name":"wp","href":"https:\/\/api.w.org\/{rel}","templated":true}]}}