{"id":165485,"date":"2015-06-22T21:30:04","date_gmt":"2015-06-22T19:30:04","guid":{"rendered":"http:\/\/www.radioluna.it\/news\/?p=165485"},"modified":"2015-06-22T21:30:04","modified_gmt":"2015-06-22T19:30:04","slug":"botte-in-palestra-la-versione-degli-indagati","status":"publish","type":"post","link":"https:\/\/www.radioluna.it\/news\/2015\/06\/botte-in-palestra-la-versione-degli-indagati\/","title":{"rendered":"Botte in palestra, la versione degli indagati"},"content":{"rendered":"<div id=\"fb-root\"><\/div>\n<div id=\"attachment_24447\" style=\"width: 160px\" class=\"wp-caption alignleft\"><img loading=\"lazy\" decoding=\"async\" aria-describedby=\"caption-attachment-24447\" class=\"size-thumbnail wp-image-24447\" src=\"http:\/\/www.radioluna.it\/news\/wp-content\/uploads\/2010\/10\/Carcere-ingresso-150x150.jpg\" alt=\"L'ingresso del carcere di Latina\" width=\"150\" height=\"150\" srcset=\"https:\/\/www.radioluna.it\/news\/wp-content\/uploads\/2010\/10\/Carcere-ingresso-150x150.jpg 150w, https:\/\/www.radioluna.it\/news\/wp-content\/uploads\/2010\/10\/Carcere-ingresso-300x300.jpg 300w, https:\/\/www.radioluna.it\/news\/wp-content\/uploads\/2010\/10\/Carcere-ingresso-80x80.jpg 80w, https:\/\/www.radioluna.it\/news\/wp-content\/uploads\/2010\/10\/Carcere-ingresso-35x35.jpg 35w, https:\/\/www.radioluna.it\/news\/wp-content\/uploads\/2010\/10\/Carcere-ingresso-55x55.jpg 55w, https:\/\/www.radioluna.it\/news\/wp-content\/uploads\/2010\/10\/Carcere-ingresso-45x45.jpg 45w, https:\/\/www.radioluna.it\/news\/wp-content\/uploads\/2010\/10\/Carcere-ingresso-70x70.jpg 70w, https:\/\/www.radioluna.it\/news\/wp-content\/uploads\/2010\/10\/Carcere-ingresso-110x110.jpg 110w\" sizes=\"auto, (max-width: 150px) 100vw, 150px\" \/><p id=\"caption-attachment-24447\" class=\"wp-caption-text\">L&#8217;ingresso del carcere di Latina<\/p><\/div>\n<p>LATINA- Sono stati ascoltati oggi dal gip i due indagati, finiti in carcere, accusati di aver picchiato due giovani in una palestra del capoluogo pontino. Si tratta di Milko Valle e Simmaco De Lucia che hanno risposto alle domande del magistrato Giuseppe Cario, offrendo una versione diversa rispetto ai fatti contestati. Le difese hanno presentato un&#8217;istanza per ottenere la completa libert\u00e0 ma il giudice si \u00e8 riservato in attesa del parere che esprimer\u00e0 il pm Claudio De Lazzaro.\u00a0Secondo quanto ipotizzano gli investigatori della Squadra Mobile, \u00a0Valle non approvava la relazione della figlia con un ragazzo e aveva deciso di picchiarlo chiudendolo nello spogliatoio della palestra. I reati contestati sono: lesioni aggravate e sequestro di persona.<\/p>\n","protected":false},"excerpt":{"rendered":"<p>LATINA- Sono stati ascoltati oggi dal gip i due indagati, finiti in carcere, accusati di aver picchiato due giovani in una palestra del capoluogo pontino. Si tratta di Milko Valle e Simmaco De Lucia che hanno risposto alle domande del magistrato Giuseppe Cario, offrendo una versione diversa rispetto ai fatti contestati. Le difese hanno presentato [&hellip;]<\/p>\n","protected":false},"author":60,"featured_media":24447,"comment_status":"open","ping_status":"closed","sticky":false,"template":"","format":"standard","meta":{"footnotes":""},"categories":[7],"tags":[],"class_list":["post-165485","post","type-post","status-publish","format-standard","has-post-thumbnail","hentry","category-cronaca"],"_links":{"self":[{"href":"https:\/\/www.radioluna.it\/news\/wp-json\/wp\/v2\/posts\/165485","targetHints":{"allow":["GET"]}}],"collection":[{"href":"https:\/\/www.radioluna.it\/news\/wp-json\/wp\/v2\/posts"}],"about":[{"href":"https:\/\/www.radioluna.it\/news\/wp-json\/wp\/v2\/types\/post"}],"author":[{"embeddable":true,"href":"https:\/\/www.radioluna.it\/news\/wp-json\/wp\/v2\/users\/60"}],"replies":[{"embeddable":true,"href":"https:\/\/www.radioluna.it\/news\/wp-json\/wp\/v2\/comments?post=165485"}],"version-history":[{"count":0,"href":"https:\/\/www.radioluna.it\/news\/wp-json\/wp\/v2\/posts\/165485\/revisions"}],"wp:featuredmedia":[{"embeddable":true,"href":"https:\/\/www.radioluna.it\/news\/wp-json\/wp\/v2\/media\/24447"}],"wp:attachment":[{"href":"https:\/\/www.radioluna.it\/news\/wp-json\/wp\/v2\/media?parent=165485"}],"wp:term":[{"taxonomy":"category","embeddable":true,"href":"https:\/\/www.radioluna.it\/news\/wp-json\/wp\/v2\/categories?post=165485"},{"taxonomy":"post_tag","embeddable":true,"href":"https:\/\/www.radioluna.it\/news\/wp-json\/wp\/v2\/tags?post=165485"}],"curies":[{"name":"wp","href":"https:\/\/api.w.org\/{rel}","templated":true}]}}