{"id":165486,"date":"2015-06-23T08:16:58","date_gmt":"2015-06-23T06:16:58","guid":{"rendered":"http:\/\/www.radioluna.it\/news\/?p=165486"},"modified":"2015-06-24T21:34:57","modified_gmt":"2015-06-24T19:34:57","slug":"cesare-battisti-si-sposera-in-brasile-con-joice-lima-il-27-giugno","status":"publish","type":"post","link":"https:\/\/www.radioluna.it\/news\/2015\/06\/cesare-battisti-si-sposera-in-brasile-con-joice-lima-il-27-giugno\/","title":{"rendered":"Cesare Battisti si sposer\u00e0 in Brasile il 27 giugno"},"content":{"rendered":"<div id=\"fb-root\"><\/div>\n<div id=\"attachment_165487\" style=\"width: 645px\" class=\"wp-caption aligncenter\"><img loading=\"lazy\" decoding=\"async\" aria-describedby=\"caption-attachment-165487\" class=\"size-thumbnail wp-image-165487\" src=\"http:\/\/www.radioluna.it\/news\/wp-content\/uploads\/2015\/06\/cesare-battisti-sulla-154082-635x363.jpg\" alt=\"Cesare Battisti sulla rivista Paris Match\" width=\"635\" height=\"363\" srcset=\"https:\/\/www.radioluna.it\/news\/wp-content\/uploads\/2015\/06\/cesare-battisti-sulla-154082-635x363.jpg 635w, https:\/\/www.radioluna.it\/news\/wp-content\/uploads\/2015\/06\/cesare-battisti-sulla-154082-768x439.jpg 768w, https:\/\/www.radioluna.it\/news\/wp-content\/uploads\/2015\/06\/cesare-battisti-sulla-154082-500x286.jpg 500w, https:\/\/www.radioluna.it\/news\/wp-content\/uploads\/2015\/06\/cesare-battisti-sulla-154082-300x171.jpg 300w, https:\/\/www.radioluna.it\/news\/wp-content\/uploads\/2015\/06\/cesare-battisti-sulla-154082.jpg 800w\" sizes=\"auto, (max-width: 635px) 100vw, 635px\" \/><p id=\"caption-attachment-165487\" class=\"wp-caption-text\">Cesare Battisti sulla rivista Paris Match<\/p><\/div>\n<p style=\"text-align: justify;\"><strong>LATINA<\/strong> &#8211;\u00a0L&#8217;ex terrorista di Sermoneta Cesare\u00a0Battisti di cui l&#8217;Italia ha chiesto invano l&#8217;estradizione si sposer\u00e0 in Brasile. Lo scrittore di gialli nato a Latina e condannato all&#8217;ergastolo in via definitiva in Italia per quattro omicidi commessi durante gli anni di piombo, ha annunciato che sposer\u00e0 la sua fidanzata brasiliana, Joice Lima, il prossimo 27 giugno. La cerimonia avr\u00e0 luogo a Cananeia, sul litorale di San Paolo. Testimone per lo sposo sar\u00e0 Eduardo Suplicy, attuale responsabile per i diritti umani di San Paolo nonch\u00e8 amico personale di lunga data dell&#8217;ex presidente Luiz Inacio Lula da Silva, che neg\u00f2 l&#8217;estradizione in Italia e concesse lo status di rifugiato politico all&#8217;ex terrorista.<\/p>\n<p style=\"text-align: justify;\">\u00abCesare Battisti si sposer\u00e0 in Brasile e in questo modo potr\u00e0 richiedere la cittadinanza brasiliana e sfuggire per sempre alla giustizia italiana, ha commentato su Facebook il presidente di Fratelli d&#8217;Italia, Giorgia Meloni.<\/p>\n","protected":false},"excerpt":{"rendered":"<p>LATINA &#8211;\u00a0L&#8217;ex terrorista di Sermoneta Cesare\u00a0Battisti di cui l&#8217;Italia ha chiesto invano l&#8217;estradizione si sposer\u00e0 in Brasile. Lo scrittore di gialli nato a Latina e condannato all&#8217;ergastolo in via definitiva in Italia per quattro omicidi commessi durante gli anni di piombo, ha annunciato che sposer\u00e0 la sua fidanzata brasiliana, Joice Lima, il prossimo 27 giugno. [&hellip;]<\/p>\n","protected":false},"author":62,"featured_media":165487,"comment_status":"open","ping_status":"closed","sticky":false,"template":"","format":"standard","meta":{"footnotes":""},"categories":[7],"tags":[],"class_list":["post-165486","post","type-post","status-publish","format-standard","has-post-thumbnail","hentry","category-cronaca"],"_links":{"self":[{"href":"https:\/\/www.radioluna.it\/news\/wp-json\/wp\/v2\/posts\/165486","targetHints":{"allow":["GET"]}}],"collection":[{"href":"https:\/\/www.radioluna.it\/news\/wp-json\/wp\/v2\/posts"}],"about":[{"href":"https:\/\/www.radioluna.it\/news\/wp-json\/wp\/v2\/types\/post"}],"author":[{"embeddable":true,"href":"https:\/\/www.radioluna.it\/news\/wp-json\/wp\/v2\/users\/62"}],"replies":[{"embeddable":true,"href":"https:\/\/www.radioluna.it\/news\/wp-json\/wp\/v2\/comments?post=165486"}],"version-history":[{"count":0,"href":"https:\/\/www.radioluna.it\/news\/wp-json\/wp\/v2\/posts\/165486\/revisions"}],"wp:featuredmedia":[{"embeddable":true,"href":"https:\/\/www.radioluna.it\/news\/wp-json\/wp\/v2\/media\/165487"}],"wp:attachment":[{"href":"https:\/\/www.radioluna.it\/news\/wp-json\/wp\/v2\/media?parent=165486"}],"wp:term":[{"taxonomy":"category","embeddable":true,"href":"https:\/\/www.radioluna.it\/news\/wp-json\/wp\/v2\/categories?post=165486"},{"taxonomy":"post_tag","embeddable":true,"href":"https:\/\/www.radioluna.it\/news\/wp-json\/wp\/v2\/tags?post=165486"}],"curies":[{"name":"wp","href":"https:\/\/api.w.org\/{rel}","templated":true}]}}