{"id":165492,"date":"2015-06-23T08:36:53","date_gmt":"2015-06-23T06:36:53","guid":{"rendered":"http:\/\/www.radioluna.it\/news\/?p=165492"},"modified":"2015-06-23T12:15:16","modified_gmt":"2015-06-23T10:15:16","slug":"ponza-uomo-recuperato-dai-vigili-del-fuoco-nelle-grotte-di-pilato","status":"publish","type":"post","link":"https:\/\/www.radioluna.it\/news\/2015\/06\/ponza-uomo-recuperato-dai-vigili-del-fuoco-nelle-grotte-di-pilato\/","title":{"rendered":"Ponza, incastrato per 6 ore nelle Grotte di Pilato, salvato dai vigili del fuoco"},"content":{"rendered":"<div id=\"fb-root\"><\/div>\n<div id=\"attachment_165493\" style=\"width: 440px\" class=\"wp-caption aligncenter\"><img loading=\"lazy\" decoding=\"async\" aria-describedby=\"caption-attachment-165493\" class=\"size-full wp-image-165493\" src=\"http:\/\/www.radioluna.it\/news\/wp-content\/uploads\/2015\/06\/Grotte-di-Pilato-2.jpg\" alt=\"Le Grotte di Pilato\" width=\"430\" height=\"320\" srcset=\"https:\/\/www.radioluna.it\/news\/wp-content\/uploads\/2015\/06\/Grotte-di-Pilato-2.jpg 430w, https:\/\/www.radioluna.it\/news\/wp-content\/uploads\/2015\/06\/Grotte-di-Pilato-2-300x223.jpg 300w\" sizes=\"auto, (max-width: 430px) 100vw, 430px\" \/><p id=\"caption-attachment-165493\" class=\"wp-caption-text\">Le Grotte di Pilato<\/p><\/div>\n<p style=\"text-align: justify;\"><strong>PONZA<\/strong> &#8211; E&#8217; un\u00a0turista francese di 62 anni, l&#8217;uomo rimasto incastrato tra le rocce in un cunicolo all&#8217;interno delle Grotte di Pilato, nel pomeriggio di luned\u00ec. Per recuperarlo hanno raggiunto l&#8217;isola due elicotteri: quello dei Vigili del Fuoco e quello dell&#8217;elisoccorso regionale. L&#8217;intervento \u00e8 durato sei ore e si \u00e8 concluso alle 23.30 quando il ferito \u00e8 stato imbarcato sull&#8217;eliambulanza Pegaso 21 e condotto al S. Camillo di Roma. Lo sfortunato turista ha riportato la frattura del femore e della tibia.<\/p>\n<p style=\"text-align: justify;\">Secondo quanto riferito dalla capitaneria di Porto di Ponza che ha coordinato le operazioni, l&#8217;uomo con un comitiva di amici era impegnato nel percorso per arrivare alla Grotte di Pilato quando \u00e8 scivolato lungo la discesa a mare cadendo sugli scogli e rimanendo incastrato nelle grotte che sono difficili da raggiungere. \u00abGli amici &#8211; prosegue una nota Elitaliana- hanno dato immediatamente l&#8217;allarme ma vista la difficolt\u00e0 del posto si \u00e8 deciso di far intervenire una squadra di soccorso dei Vigili del Fuoco che \u00e8 stata elitrasportata sull&#8217;isola. Ci sono volute oltre 6 ore di lavoro per recuperare il turista che con l&#8217;ausilio del personale 118 \u00e8 stato poi trasportato all&#8217;eliporto dove nel frattempo era giunto Pegaso 21 decollato dalla base di Roma. Alle ore 23.30 circa l&#8217;uomo veniva imbarcato sull&#8217;elicottero di soccorso e trasportato in codice rosso con un politrauma e varie fratture all&#8217;ospedale San Camillo di Roma, dove dopo circa 35 minuti di volo \u00e8 stato preso in carico dal Dea dell&#8217;ospedale\u00bb.<\/p>\n","protected":false},"excerpt":{"rendered":"<p>PONZA &#8211; E&#8217; un\u00a0turista francese di 62 anni, l&#8217;uomo rimasto incastrato tra le rocce in un cunicolo all&#8217;interno delle Grotte di Pilato, nel pomeriggio di luned\u00ec. Per recuperarlo hanno raggiunto l&#8217;isola due elicotteri: quello dei Vigili del Fuoco e quello dell&#8217;elisoccorso regionale. L&#8217;intervento \u00e8 durato sei ore e si \u00e8 concluso alle 23.30 quando il [&hellip;]<\/p>\n","protected":false},"author":62,"featured_media":165493,"comment_status":"open","ping_status":"closed","sticky":false,"template":"","format":"standard","meta":{"footnotes":""},"categories":[7],"tags":[],"class_list":["post-165492","post","type-post","status-publish","format-standard","has-post-thumbnail","hentry","category-cronaca"],"_links":{"self":[{"href":"https:\/\/www.radioluna.it\/news\/wp-json\/wp\/v2\/posts\/165492","targetHints":{"allow":["GET"]}}],"collection":[{"href":"https:\/\/www.radioluna.it\/news\/wp-json\/wp\/v2\/posts"}],"about":[{"href":"https:\/\/www.radioluna.it\/news\/wp-json\/wp\/v2\/types\/post"}],"author":[{"embeddable":true,"href":"https:\/\/www.radioluna.it\/news\/wp-json\/wp\/v2\/users\/62"}],"replies":[{"embeddable":true,"href":"https:\/\/www.radioluna.it\/news\/wp-json\/wp\/v2\/comments?post=165492"}],"version-history":[{"count":0,"href":"https:\/\/www.radioluna.it\/news\/wp-json\/wp\/v2\/posts\/165492\/revisions"}],"wp:featuredmedia":[{"embeddable":true,"href":"https:\/\/www.radioluna.it\/news\/wp-json\/wp\/v2\/media\/165493"}],"wp:attachment":[{"href":"https:\/\/www.radioluna.it\/news\/wp-json\/wp\/v2\/media?parent=165492"}],"wp:term":[{"taxonomy":"category","embeddable":true,"href":"https:\/\/www.radioluna.it\/news\/wp-json\/wp\/v2\/categories?post=165492"},{"taxonomy":"post_tag","embeddable":true,"href":"https:\/\/www.radioluna.it\/news\/wp-json\/wp\/v2\/tags?post=165492"}],"curies":[{"name":"wp","href":"https:\/\/api.w.org\/{rel}","templated":true}]}}