{"id":165538,"date":"2015-06-24T08:22:09","date_gmt":"2015-06-24T06:22:09","guid":{"rendered":"http:\/\/www.radioluna.it\/news\/?p=165538"},"modified":"2015-06-24T08:22:09","modified_gmt":"2015-06-24T06:22:09","slug":"il-tar-di-latina-e-salvo-revocata-la-norma-che-lo-cancellava","status":"publish","type":"post","link":"https:\/\/www.radioluna.it\/news\/2015\/06\/il-tar-di-latina-e-salvo-revocata-la-norma-che-lo-cancellava\/","title":{"rendered":"Il Tar di Latina \u00e8 salvo: revocata la norma che lo cancellava"},"content":{"rendered":"<div id=\"fb-root\"><\/div>\n<p style=\"text-align: justify;\"><strong><img loading=\"lazy\" decoding=\"async\" class=\"aligncenter size-full wp-image-153055\" src=\"http:\/\/www.radioluna.it\/news\/wp-content\/uploads\/2014\/07\/tar.jpg\" alt=\"tar\" width=\"635\" height=\"476\" srcset=\"https:\/\/www.radioluna.it\/news\/wp-content\/uploads\/2014\/07\/tar.jpg 635w, https:\/\/www.radioluna.it\/news\/wp-content\/uploads\/2014\/07\/tar-300x225.jpg 300w, https:\/\/www.radioluna.it\/news\/wp-content\/uploads\/2014\/07\/tar-500x375.jpg 500w\" sizes=\"auto, (max-width: 635px) 100vw, 635px\" \/>LATINA<\/strong> &#8211;\u00a0Ora \u00e8 ufficiale, il Tar di Latina \u00e8 salvo e non sar\u00e0 accorpato con quello di Roma. La notizia \u00e8 arrivata nella serata di ieri al termine del consiglio dei ministri che ha revocato la chiusura\u00a0delle sezioni distaccate dei Tribunali amministrativi regionali. &#8220;Esprimo soddisfazione per l&#8217;approvazione da parte del governo di questa norma che consentir\u00e0 anche alla sezione del Tar di Latina di continuare a svolgere le sue funzioni &#8211; ha commentato il senatore pontino del Partito democratico, Claudio Moscardelli.<\/p>\n","protected":false},"excerpt":{"rendered":"<p>LATINA &#8211;\u00a0Ora \u00e8 ufficiale, il Tar di Latina \u00e8 salvo e non sar\u00e0 accorpato con quello di Roma. La notizia \u00e8 arrivata nella serata di ieri al termine del consiglio dei ministri che ha revocato la chiusura\u00a0delle sezioni distaccate dei Tribunali amministrativi regionali. &#8220;Esprimo soddisfazione per l&#8217;approvazione da parte del governo di questa norma che [&hellip;]<\/p>\n","protected":false},"author":62,"featured_media":153055,"comment_status":"open","ping_status":"closed","sticky":false,"template":"","format":"standard","meta":{"footnotes":""},"categories":[7],"tags":[],"class_list":["post-165538","post","type-post","status-publish","format-standard","has-post-thumbnail","hentry","category-cronaca"],"_links":{"self":[{"href":"https:\/\/www.radioluna.it\/news\/wp-json\/wp\/v2\/posts\/165538","targetHints":{"allow":["GET"]}}],"collection":[{"href":"https:\/\/www.radioluna.it\/news\/wp-json\/wp\/v2\/posts"}],"about":[{"href":"https:\/\/www.radioluna.it\/news\/wp-json\/wp\/v2\/types\/post"}],"author":[{"embeddable":true,"href":"https:\/\/www.radioluna.it\/news\/wp-json\/wp\/v2\/users\/62"}],"replies":[{"embeddable":true,"href":"https:\/\/www.radioluna.it\/news\/wp-json\/wp\/v2\/comments?post=165538"}],"version-history":[{"count":0,"href":"https:\/\/www.radioluna.it\/news\/wp-json\/wp\/v2\/posts\/165538\/revisions"}],"wp:featuredmedia":[{"embeddable":true,"href":"https:\/\/www.radioluna.it\/news\/wp-json\/wp\/v2\/media\/153055"}],"wp:attachment":[{"href":"https:\/\/www.radioluna.it\/news\/wp-json\/wp\/v2\/media?parent=165538"}],"wp:term":[{"taxonomy":"category","embeddable":true,"href":"https:\/\/www.radioluna.it\/news\/wp-json\/wp\/v2\/categories?post=165538"},{"taxonomy":"post_tag","embeddable":true,"href":"https:\/\/www.radioluna.it\/news\/wp-json\/wp\/v2\/tags?post=165538"}],"curies":[{"name":"wp","href":"https:\/\/api.w.org\/{rel}","templated":true}]}}