{"id":165635,"date":"2015-06-26T12:20:17","date_gmt":"2015-06-26T10:20:17","guid":{"rendered":"http:\/\/www.radioluna.it\/news\/?p=165635"},"modified":"2015-06-28T15:06:49","modified_gmt":"2015-06-28T13:06:49","slug":"fu-il-primo-deputato-eletto-con-forza-italia-vincenzo-bianchi-dice-addio-a-fazzone","status":"publish","type":"post","link":"https:\/\/www.radioluna.it\/news\/2015\/06\/fu-il-primo-deputato-eletto-con-forza-italia-vincenzo-bianchi-dice-addio-a-fazzone\/","title":{"rendered":"Fu il primo deputato eletto con Forza Italia, Vincenzo Bianchi dice addio a Fazzone"},"content":{"rendered":"<div id=\"fb-root\"><\/div>\n<div id=\"attachment_165636\" style=\"width: 645px\" class=\"wp-caption aligncenter\"><img loading=\"lazy\" decoding=\"async\" aria-describedby=\"caption-attachment-165636\" class=\"wp-image-165636 size-thumbnail\" src=\"http:\/\/www.radioluna.it\/news\/wp-content\/uploads\/2015\/06\/bianchi-635x476.jpg\" alt=\"bianchi\" width=\"635\" height=\"476\" srcset=\"https:\/\/www.radioluna.it\/news\/wp-content\/uploads\/2015\/06\/bianchi-635x476.jpg 635w, https:\/\/www.radioluna.it\/news\/wp-content\/uploads\/2015\/06\/bianchi-500x375.jpg 500w, https:\/\/www.radioluna.it\/news\/wp-content\/uploads\/2015\/06\/bianchi-300x225.jpg 300w, https:\/\/www.radioluna.it\/news\/wp-content\/uploads\/2015\/06\/bianchi.jpg 720w\" sizes=\"auto, (max-width: 635px) 100vw, 635px\" \/><p id=\"caption-attachment-165636\" class=\"wp-caption-text\">(foto di Vincenzo Bianchi dal suo da profilo Fb)<\/p><\/div>\n<p style=\"text-align: justify;\"><strong>LATINA<\/strong> &#8211; Vincenzo Bianchi \u00e8 stato il primo deputato pontino eletto con Forza Italia. Veniva da una lista civica che aveva pochi seguaci a Latina, ma quando spos\u00f2 la causa del Cavaliere, divenne subito credibile e &#8220;famoso&#8221; e and\u00f2 dritto alla Camera. Oggi lascia il partito azzurro in aperta polemica con il coordinatore regionale Claudio Fazzone. Lo accusa di aver scelto per leader provinciale &#8220;un ventriloquo&#8221; e saluta: \u201cNon sar\u00f2 candidato. Il mio \u2018unico voto\u2019 \u00e8 per un progetto serio\u201d.<\/p>\n<p style=\"text-align: justify;\"><strong>LA LETTERA<\/strong> \u00a0&#8211; &#8220;Leggo \u00a0&#8211; scrive Bianchi \u00a0 &#8211; che il senatore Claudio Fazzone riconoscendomi coerenza, stima e lealt\u00e0, si meraviglia dispiaciuto della mia decisione di aver lasciato il partito di Forza Italia da me cofondato nella nostra provincia nel 1994. E invece il \u2018nominato\u2019 segretario provinciale di Forza Italia, Alessandro Calvi, in veste di ventriloquo, fa riferimento a finti alibi tacciandomi sull\u2019errore commesso di aver abbandonato il partito e di abbracciare eventuali nuovi compagni di viaggio.<\/p>\n<p style=\"text-align: justify;\">A queste pochezze, mi sento di confermare ancora una volta la mia decisione, in quanto un partito che colleziona da circa dieci anni una serie di sconfitte, come nelle elezioni amministrative di Aprilia, Cisterna, Formia e di recente nella tornata delle europee e in ultimo delle provinciali, e che non si esprime attraverso un\u2019autocritica e un confronto (impossibile, in assenza di una sede di partito\u2026), e in pi\u00f9 esterna la volont\u00e0 di una presunta alleanza col Partito Democratico in vista delle amministrative del 2016, non pu\u00f2 appartenere a una ricerca di alibi\u2026 E inoltre, io come segretario di partito, vorrei ricordare che avevo una sede dove si tenevano confronti con tutti gli eletti e i coordinatori del territorio, modo che permetteva anche, e soprattutto, una selezione adeguata della classe dirigente, da dove scaturivano i consensi elettorali, locali, nazionali ed europei che sono stati raggiunti.<\/p>\n<p style=\"text-align: justify;\">Non solo. Vorrei tranquillizzare il senatore Fazzone, ma non solo lui, che non coltivo nessuna mira politica o amministrativa per la tornata elettorale del 2016 a Latina, per limiti imposti dall\u2019et\u00e0 anagrafica e per numero di voti, tant\u2019\u00e8 che il mio \u2018unico voto\u2019 sar\u00e0 destinato a un progetto credibile per il bene della mia citt\u00e0 e a una coalizione di centrodestra, che auspico completamente rinnovata nelle persone e nei programmi, che sappia elevare i temi e le vocazioni reali di questo territorio, esaltando le sue voci, abbracciando i suoi figli e puntando sul comparto occupazionale per una veloce ripresa dello stesso&#8221;.<\/p>\n<p>&nbsp;<\/p>\n<p>&nbsp;<\/p>\n","protected":false},"excerpt":{"rendered":"<p>LATINA &#8211; Vincenzo Bianchi \u00e8 stato il primo deputato pontino eletto con Forza Italia. Veniva da una lista civica che aveva pochi seguaci a Latina, ma quando spos\u00f2 la causa del Cavaliere, divenne subito credibile e &#8220;famoso&#8221; e and\u00f2 dritto alla Camera. Oggi lascia il partito azzurro in aperta polemica con il coordinatore regionale Claudio [&hellip;]<\/p>\n","protected":false},"author":62,"featured_media":165636,"comment_status":"open","ping_status":"closed","sticky":false,"template":"","format":"standard","meta":{"footnotes":""},"categories":[8],"tags":[],"class_list":["post-165635","post","type-post","status-publish","format-standard","has-post-thumbnail","hentry","category-politica"],"_links":{"self":[{"href":"https:\/\/www.radioluna.it\/news\/wp-json\/wp\/v2\/posts\/165635","targetHints":{"allow":["GET"]}}],"collection":[{"href":"https:\/\/www.radioluna.it\/news\/wp-json\/wp\/v2\/posts"}],"about":[{"href":"https:\/\/www.radioluna.it\/news\/wp-json\/wp\/v2\/types\/post"}],"author":[{"embeddable":true,"href":"https:\/\/www.radioluna.it\/news\/wp-json\/wp\/v2\/users\/62"}],"replies":[{"embeddable":true,"href":"https:\/\/www.radioluna.it\/news\/wp-json\/wp\/v2\/comments?post=165635"}],"version-history":[{"count":0,"href":"https:\/\/www.radioluna.it\/news\/wp-json\/wp\/v2\/posts\/165635\/revisions"}],"wp:featuredmedia":[{"embeddable":true,"href":"https:\/\/www.radioluna.it\/news\/wp-json\/wp\/v2\/media\/165636"}],"wp:attachment":[{"href":"https:\/\/www.radioluna.it\/news\/wp-json\/wp\/v2\/media?parent=165635"}],"wp:term":[{"taxonomy":"category","embeddable":true,"href":"https:\/\/www.radioluna.it\/news\/wp-json\/wp\/v2\/categories?post=165635"},{"taxonomy":"post_tag","embeddable":true,"href":"https:\/\/www.radioluna.it\/news\/wp-json\/wp\/v2\/tags?post=165635"}],"curies":[{"name":"wp","href":"https:\/\/api.w.org\/{rel}","templated":true}]}}