{"id":165669,"date":"2015-06-27T09:34:42","date_gmt":"2015-06-27T07:34:42","guid":{"rendered":"http:\/\/www.radioluna.it\/news\/?p=165669"},"modified":"2015-06-30T07:42:29","modified_gmt":"2015-06-30T05:42:29","slug":"basket-a2-latina-nel-girone-ovest-allenata-da-gramenzi","status":"publish","type":"post","link":"https:\/\/www.radioluna.it\/news\/2015\/06\/basket-a2-latina-nel-girone-ovest-allenata-da-gramenzi\/","title":{"rendered":"Basket A2, Latina nel girone Ovest, allenata da Gramenzi"},"content":{"rendered":"<div id=\"fb-root\"><\/div>\n<div id=\"attachment_165670\" style=\"width: 310px\" class=\"wp-caption alignleft\"><img loading=\"lazy\" decoding=\"async\" aria-describedby=\"caption-attachment-165670\" class=\"size-medium wp-image-165670\" src=\"http:\/\/www.radioluna.it\/news\/wp-content\/uploads\/2015\/06\/coach-Franco-Gramenzi-640x360-300x169.jpg\" alt=\"Il neo allenatore Franco Gramenzi\" width=\"300\" height=\"169\" srcset=\"https:\/\/www.radioluna.it\/news\/wp-content\/uploads\/2015\/06\/coach-Franco-Gramenzi-640x360-300x169.jpg 300w, https:\/\/www.radioluna.it\/news\/wp-content\/uploads\/2015\/06\/coach-Franco-Gramenzi-640x360-500x281.jpg 500w, https:\/\/www.radioluna.it\/news\/wp-content\/uploads\/2015\/06\/coach-Franco-Gramenzi-640x360-635x357.jpg 635w, https:\/\/www.radioluna.it\/news\/wp-content\/uploads\/2015\/06\/coach-Franco-Gramenzi-640x360.jpg 640w\" sizes=\"auto, (max-width: 300px) 100vw, 300px\" \/><p id=\"caption-attachment-165670\" class=\"wp-caption-text\">Il neo allenatore Franco Gramenzi<\/p><\/div>\n<p style=\"text-align: justify;\"><strong>LATINA<\/strong> &#8211; La\u00a0Federazione Italiana Pallacanestro ha reso nota la composizione dei gironi del Campionato Nazionale Maschile di Serie \u00a0A2 per la stagione sportiva 2015\/2016 e la Benacquista Assicurazioni Latina Basket \u00e8 inserita nel Girone Ovest. La societ\u00e0 dal canto suo ufficilaizza il nuovo coach: accordo siglato con\u00a0Franco Gramenzi, che rivestir\u00e0 il ruolo di capo allenatore nerazzurro.\u00a0\u00abE\u2019 una grande soddisfazione per me aver raggiunto l\u2019accordo con Latina, con cui avevo gi\u00e0 avuto dei contatti nel 2010, e sono davvero molto contento di aver aderito al progetto della societ\u00e0 nerazzurra. Ringrazio molto la famiglia Benacquista e tutti coloro che hanno contribuito alla realizzazione di questa collaborazione e metter\u00f2 tutto il mio impegno per ripagare la fiducia che il Presidente e la societ\u00e0 hanno riposto in me \u00bb, commenta.<\/p>\n<p style=\"text-align: justify;\">Molto soddisfatto anche il cavalier Benacquista: \u00abCon molta pazienza abbiamo ricercato sul mercato il miglior allenatore possibile per il nostro ambizioso progetto e, forse con molta fortuna, siamo riusciti a convincere coach Franco Gramenzi a sposare la nostra causa entrando a far parte della famiglia nerazzurra, nella quale gli diamo un caloroso benvenuto\u00bb.<\/p>\n<p style=\"text-align: justify;\">La carriera \u2013 Franco Gramenzi \u00e8 nato a Teramo il 13 settembre del 1963 ed \u00e8 uno degli allenatori di maggior successo e pi\u00f9 blasonato nell\u2019ambito del panorama cestistico nazionale: vanta ben 10 campionati vinti nel corso della sua carriera. Dopo le esperienze avute a San Benedetto del Tronto e Campli, in qualit\u00e0 di vice allenatore, la vera ascesa del tecnico abruzzese inizia proprio con i colori della societ\u00e0 della sua citt\u00e0 natia: Teramo. Gramenzi conduce la formazione biancorossa dalla serie D alla serie B1. La stagione successiva (1997-1998) lo vede nuovamente protagonista, questa volta alla guida della compagine della Scafati Basket con la quale conquista la promozione dalla B2 alla B1. Nei due anni seguenti vive la realt\u00e0 della NSB Rieti, con cui arriva alla finale play-off per la promozione in B1 e, successivamente, quella dell\u2019Orlandina Basket con la quale ottiene la promozione in Legadue. Nel 2001 il tecnico torna a Teramo, dove resta fino al 2004 e vince due campionati consecutivi su tre, portando il basket della sua citt\u00e0 dalla serie B1 fino alla serie A. Dopo aver conquistato la permanenza nella prima serie nazionale con la Teramo Basket, Gramenzi scende di categoria tornando in terra campana alla guida della Scafati Basket in A2 (2004). Anche l\u2019anno seguente resta in A2 vestendo i colori della Junior Casale Monferrato. Nella stagione 2006-2007 \u00e8 l\u2019head coach del Veroli Basket con cui vince il campionato di B1 per poi tornare, ancora una volta, a Scafati e, infine, approdare al Barcellona Basket (2009-2010) con cui vince il campionato di A2. Nella stagione 2001-2012 si trasferisce a Ferentino con cui conquista l\u2019ennesimo campionato di Divisione Nazionale A portando la FMC in A2. Dopo cinque anni, il 5 giugno del 2015, Franco Gramenzi lascia la panchina del club ciociaro per approdare, infine, alla corte della compagine nerazzurra della Latina Basket.<\/p>\n<p style=\"text-align: justify;\">A coach Franco Gramenzi va il benvenuto da parte del Presidente Lucio Benacquista e di tutta la societ\u00e0 pontina, che augura al tecnico buon lavoro per \u00a0la sua nuova avventura in casa Latina Basket.<\/p>\n<p style=\"text-align: justify;\">GIRONE OVEST<\/p>\n<p style=\"text-align: justify;\">A.S. JUNIOR LIBERTAS PALL. SSDARL \u2013 CASALE MONFERRATO (AL)<\/p>\n<p style=\"text-align: justify;\">PALL. BIELLA SSDARL \u2013 BIELLA<\/p>\n<p style=\"text-align: justify;\">A.S. DIL. POL. DERTHONA BASKET \u2013 TORTONA (AL)<\/p>\n<p style=\"text-align: justify;\">FULGOR OMEGNA S.R.L.S.D. \u2013 OMEGNA (VB)<\/p>\n<p style=\"text-align: justify;\">MENS SANA 1871 \u2013 SIENA<\/p>\n<p style=\"text-align: justify;\">SSD BASKET FERENTINO A.R.L. \u2013 FERENTINO (FR)<\/p>\n<p style=\"text-align: justify;\">A.S.D. NPC RIETI PALLACANESTRO \u2013 RIETI<\/p>\n<p style=\"text-align: justify;\">LATINA BASKET SSDARL \u2013 LATINA<\/p>\n<p style=\"text-align: justify;\">AZZURRO BASKET NAPOLI 2013 SSDARL \u2013 NAPOLI<\/p>\n<p style=\"text-align: justify;\">BASKET JUVE CASERTA SRL \u2013 CASERTA<\/p>\n<p style=\"text-align: justify;\">BASKET SCAFATI 1969 SSDARL \u2013 SCAFATI (SA)<\/p>\n<p style=\"text-align: justify;\">VIOLA REGGIO CALABRIA SSDARL \u2013 REGGIO CALABRIA<\/p>\n<p style=\"text-align: justify;\">C.S. PALL. TRAPANI SSDARL \u2013 TRAPANI<\/p>\n<p style=\"text-align: justify;\">S.S.D. FORTITUDO SRL \u2013 AGRIGENTO<\/p>\n<p style=\"text-align: justify;\">BASKET BARCELLONA SSDARL \u2013 BARCELLONA POZZO DI GOTTO (ME)<\/p>\n<p style=\"text-align: justify;\">UCC SRL SSD \u2013 CASALPUSTERLENGO (LO)<\/p>\n","protected":false},"excerpt":{"rendered":"<p>LATINA &#8211; La\u00a0Federazione Italiana Pallacanestro ha reso nota la composizione dei gironi del Campionato Nazionale Maschile di Serie \u00a0A2 per la stagione sportiva 2015\/2016 e la Benacquista Assicurazioni Latina Basket \u00e8 inserita nel Girone Ovest. La societ\u00e0 dal canto suo ufficilaizza il nuovo coach: accordo siglato con\u00a0Franco Gramenzi, che rivestir\u00e0 il ruolo di capo allenatore [&hellip;]<\/p>\n","protected":false},"author":62,"featured_media":165670,"comment_status":"open","ping_status":"closed","sticky":false,"template":"","format":"standard","meta":{"footnotes":""},"categories":[17],"tags":[],"class_list":["post-165669","post","type-post","status-publish","format-standard","has-post-thumbnail","hentry","category-sport"],"_links":{"self":[{"href":"https:\/\/www.radioluna.it\/news\/wp-json\/wp\/v2\/posts\/165669","targetHints":{"allow":["GET"]}}],"collection":[{"href":"https:\/\/www.radioluna.it\/news\/wp-json\/wp\/v2\/posts"}],"about":[{"href":"https:\/\/www.radioluna.it\/news\/wp-json\/wp\/v2\/types\/post"}],"author":[{"embeddable":true,"href":"https:\/\/www.radioluna.it\/news\/wp-json\/wp\/v2\/users\/62"}],"replies":[{"embeddable":true,"href":"https:\/\/www.radioluna.it\/news\/wp-json\/wp\/v2\/comments?post=165669"}],"version-history":[{"count":0,"href":"https:\/\/www.radioluna.it\/news\/wp-json\/wp\/v2\/posts\/165669\/revisions"}],"wp:featuredmedia":[{"embeddable":true,"href":"https:\/\/www.radioluna.it\/news\/wp-json\/wp\/v2\/media\/165670"}],"wp:attachment":[{"href":"https:\/\/www.radioluna.it\/news\/wp-json\/wp\/v2\/media?parent=165669"}],"wp:term":[{"taxonomy":"category","embeddable":true,"href":"https:\/\/www.radioluna.it\/news\/wp-json\/wp\/v2\/categories?post=165669"},{"taxonomy":"post_tag","embeddable":true,"href":"https:\/\/www.radioluna.it\/news\/wp-json\/wp\/v2\/tags?post=165669"}],"curies":[{"name":"wp","href":"https:\/\/api.w.org\/{rel}","templated":true}]}}