{"id":165692,"date":"2015-06-27T13:20:08","date_gmt":"2015-06-27T11:20:08","guid":{"rendered":"http:\/\/www.radioluna.it\/news\/?p=165692"},"modified":"2015-06-29T16:24:55","modified_gmt":"2015-06-29T14:24:55","slug":"latina-va-in-scena-domenica-il-gala-a-villa-zani","status":"publish","type":"post","link":"https:\/\/www.radioluna.it\/news\/2015\/06\/latina-va-in-scena-domenica-il-gala-a-villa-zani\/","title":{"rendered":"Latina va in scena, domenica il gal\u00e0 a Villa Zani"},"content":{"rendered":"<div id=\"fb-root\"><\/div>\n<div id=\"attachment_165693\" style=\"width: 645px\" class=\"wp-caption aligncenter\"><img loading=\"lazy\" decoding=\"async\" aria-describedby=\"caption-attachment-165693\" class=\"wp-image-165693 size-thumbnail\" src=\"http:\/\/www.radioluna.it\/news\/wp-content\/uploads\/2015\/06\/latina-va-in-scena_web-16-635x423.jpg\" alt=\"la conduttrice Gioia Marzocchi e la padrona di casa Alessia Sicari\" width=\"635\" height=\"423\" srcset=\"https:\/\/www.radioluna.it\/news\/wp-content\/uploads\/2015\/06\/latina-va-in-scena_web-16-635x423.jpg 635w, https:\/\/www.radioluna.it\/news\/wp-content\/uploads\/2015\/06\/latina-va-in-scena_web-16-768x512.jpg 768w, https:\/\/www.radioluna.it\/news\/wp-content\/uploads\/2015\/06\/latina-va-in-scena_web-16-500x333.jpg 500w, https:\/\/www.radioluna.it\/news\/wp-content\/uploads\/2015\/06\/latina-va-in-scena_web-16-600x400.jpg 600w, https:\/\/www.radioluna.it\/news\/wp-content\/uploads\/2015\/06\/latina-va-in-scena_web-16-300x200.jpg 300w, https:\/\/www.radioluna.it\/news\/wp-content\/uploads\/2015\/06\/latina-va-in-scena_web-16-1024x683.jpg 1024w, https:\/\/www.radioluna.it\/news\/wp-content\/uploads\/2015\/06\/latina-va-in-scena_web-16-800x534.jpg 800w, https:\/\/www.radioluna.it\/news\/wp-content\/uploads\/2015\/06\/latina-va-in-scena_web-16.jpg 1000w\" sizes=\"auto, (max-width: 635px) 100vw, 635px\" \/><p id=\"caption-attachment-165693\" class=\"wp-caption-text\">la conduttrice Gioia Marzocchi e la padrona di casa Alessia Sicari<\/p><\/div>\n<p style=\"text-align: justify;\"><strong>LATINA<\/strong> &#8211; Domani, domenica 28 giugno, Latina va in scena con il Gal\u00e0 di Beneficenza promosso da Villa Zani.<\/p>\n<p style=\"text-align: justify;\">Ultimi preparativi e poi il via ufficiale a quello che gi\u00e0 sembra essere l\u2019evento dell\u2019anno, l\u2019unico in grado di unire la solidariet\u00e0 allo spettacolo e di dar vita ad una serata che chiama a raccolta l\u2019intera citt\u00e0 di Latina, unita pi\u00f9 che mai soprattutto in questo momento di incertezza e precariet\u00e0. Un modo per guardare con ottimismo il futuro e per ringraziare quelle personalit\u00e0 pontine che nel corso degli ultimi 24 mesi hanno veramente fatto la differenza, e portato il nome di Latina e della sua provincia oltre i confini regionali, talvolta anche oltre quelli nazionali.<\/p>\n<p style=\"text-align: justify;\"><strong>CATEGORIE IN GARA<\/strong> &#8211; Cinque le categorie in gara rese note gi\u00e0 nelle settimane scorse \u2013 cinema e tv, giovani talenti, giornalismo d\u2019inchiesta, impresa e sport \u2013 e ben sette i premi speciali che verranno rivelati solamente nella serata di domenica. Ma molte saranno le eccellenze del nostro territorio che contribuiranno ad impreziosire, in un modo o nell\u2019altro, questa seconda edizione della kermesse ideata da Alessia Sicari. Volti e voci noti del piccolo e grande schermo, della musica, del teatro, della ricerca, dello sport, del giornalismo, dell\u2019imprenditoria e dell\u2019intrattenimento, tutti riuniti nella splendida cornice di Villa Zani, numero uno nell\u2019organizzazione di eventi e cerimonie, garanzia di qualit\u00e0 ed eleganza. Ecco allora che a partire dalle 19:30 il red carpet accoglier\u00e0: Alessandra Mastrobuono Battisti, l\u2019astrofisica che da tre anni lavora come ricercatrice presso il Technion ad Haifa, in Israele, finita sulla rivista scientifica Nature per la sua ricerca sulla genesi della luna; Luciano Melchionna, regista teatrale e cinematografico che da ben 9 anni trionfa in tutta Italia con il suo format-spettacolo \u201cDignit\u00e0 Autonome di Prostituzione\u201d; il cantautore Enrico Giarretta, per 23 anni pianista e coautori di alcune canzoni del grande Franco Califano; il condirettore nazionale de il Tempo Sarina Biraghi; i ricercatori Alessandro Orsini e Italo Tempera; le attrici Sara Zanier e Serena Iansiti, direttamente della fiction tv \u201cLe tre rose di Eva\u201d in onda su Canale Cinque; Emanuel Caserio, giovanissimo ma gi\u00e0 tanti ruoli alle spalle, in ultimo uno dei protagonisti della settima stagione di \u201cSquadra Antimafia\u201d, in onda da settembre; il compositore Francesco Taskayali; i giornalisti pontini Angela Iantosca, Ebe Pierini e Giovanni Del Giaccio; lo scalatore Daniele Nardi, celebre per le sue imprese sportive; e tanti altri che si scopriranno nel corso del Gal\u00e0.<\/p>\n<p style=\"text-align: justify;\">Ma le soprese non finiscono qui. Quest\u2019anno Latina va in scena \u00e8 lieta di presentare in anteprima assoluta la prima edizione del Sabaudia Film Fest, la kermesse dedicata alla commedia, realizzata dall\u2019agenzia di comunicazione integrata Zigzag di Andrea Zagami e diretta artisticamente dal critico e giornalista cinematografico Franco Montini, presidente del Sindacato Nazionale Critici Cinematografici Italiani (SNCCI). Durante il Gal\u00e0 gli organizzatori, insieme al sindaco Maurizio Lucci, presenteranno la manifestazione che si terr\u00e0 nella citt\u00e0 delle dune dal 10 al 18 luglio.<\/p>\n<p style=\"text-align: justify;\">OPERE D&#8217;ARTE &#8211; Quest\u2019anno la scelta \u00e8 ricaduta sullo scultore Roberto Andreatini, presentato dal curatore Fabio D\u2019Achille\u00a0per celebrare i primi dieci anni del Museo d\u2019Arte Diffusa anche in questa speciale location.\u00a0Un\u2019esposizione di 10 sculture\/installazioni che rimarranno in mostra per circa un mese dopo l\u2019evento e che confermano l\u2019estro creativo e la grande poliedricit\u00e0 dell\u2019arte di Andreatini, &#8220;artista della linea, del tempo e dello spazio&#8221;; In perfetto connubio con Mad, in tutte le sue espressioni e sfumature, nei luoghi extra-ordinari della citt\u00e0 di Latina e non solo.<br \/>\nNato ad Ancona, Roberto Andreatini studia\u00a0all\u2019Istituto d\u2019Arte della citt\u00e0 natale e si diploma all\u2019Accademia di Belle Arti di Roma con\u00a0Pericle Fazzini. Partecipa nel 1975 alla X Quadriennale Nazionale d\u2019Arte di Roma, alternando alla carriera d\u2019insegnante, quella di restauratore. Risiede e lavora a Latina, dove \u00e8\u00a0visibile in Piazza del Popolo all&#8217;Intendenza di Finanza, la sua monumentale scultura \u201cclessidra astrale\u201d creata nel 2006 e &#8220;l&#8217;arco del tempo&#8221; del 2007 in periferia al Quartiere Nascosa. Innumerevoli le collaborazioni a Latina con MAD.<\/p>\n<p>L\u2019arte sar\u00e0 protagonista anche con le opere di Ersilia Sarrecchia del progetto \u201cWomen\u201d, esposte in anteprima come omaggio a Latina va in scena. In questo lavoro l\u2019artista pontina utilizza il ritratto come mezzo per interpretare la realt\u00e0 della donna contemporanea. Gli elementi essenziali sono lo sguardo, i volti ridenti, volti celati, nasi o bocche tappate, i silenzi o i respiri trattenuti. Intende narrare il mondo femminile e comunicare anche situazioni di privazioni, di sopraffazione da parte di una societ\u00e0 ancora troppo maschilista. Intorno allo sguardo alcuni elementi che possono diventare simbolici, legare maggiormente l\u2019opera al soggetto ritratto, numeri, date, colori, luoghi, parole.<br \/>\nCon questo progetto pittorico, che verr\u00e0 esposto integralmente il prossimo autunno nella galleria Smac a Roma, Erislia Sarrecchia ha vinto il premio internazionale T.I.N.A. Prize.<\/p>\n<p style=\"text-align: justify;\">Un\u2019altra novit\u00e0 di questa seconda edizione, gi\u00e0 comunicata nei giorni precedenti, \u00e8 la conduzione. Sul palco di Latina va in scena, due big della televisione e della radio, due pontini d\u2019adozione: il giornalista e conduttore radiofonico della RAI Gianmaurizio Foderaro, nato in Calabria ma cresciuto e formatosi professionalmente nel capoluogo, e l&#8217;attrice e conduttrice radio e TV Gioia Marzocchi, volto di SKY INSIDE e attualmente al timone del programma radiofonico e tv di Rai 2 con Max Giusti, legata profondamente alla citt\u00e0 di Latina da orami moltissimi anni. Una conduzione a due di grande spessore che sapr\u00e0 intrattenere gli ospiti e dare il giusto lustro alle tante eccellenze presenti, ma soprattutto alla vera protagonista della serata: la solidariet\u00e0.<\/p>\n<p style=\"text-align: justify;\">L\u2019intero ricavato dell\u2019evento dell\u2019edizione 2015 verr\u00e0 devoluto alla sezione di Latina della Lega Italiana Lotta ai Tumori (LILT), una realt\u00e0 che da diverso tempo opera nel territorio con attivit\u00e0 mirate alla cura e alla prevenzione dei tumori, con particolare attenzione al cancro al seno. Un punto di riferimento accreditato dal sistema Sanitario che riceve un insostituibile supporto dall&#8217;operato dei medici e dal personale volontario tutto. E che domenica 28 giugno aspetta tutti voi per formare uno scudo contro quella che oramai \u00e8 divenuta la prima causa di morte del ventunesimo secolo.<\/p>\n<p style=\"text-align: justify;\">La serata prevede due momenti: un aperitivo di benvenuto alle ore 19:30 nel magnifico giardino di Villa Zani e una cena di Gala a bordo piscina, in compagnia degli ospiti illustri e di tanto intrattenimento. Il costo di ogni singolo biglietto per la cena, comprensivo di cocktail di benvenuto, \u00e8 di 70 euro, acquistabile in prevendita presso il Bar Poeta (senza costi aggiuntivi) o telefonando al numero 3343242694.<\/p>\n<p>L\u2019evento \u00e8 sponsorizzato da Cosmari, Redi \u2013 Centro Medico Patologia Clinica, MixInTime, Ortopedia Italia \u2013 Officina ortopediche, Biondo Gioielleria, Mencarelli Group, Loggia \u2013 Industria e Vernici, Caff\u00e8 Vergnano, Pantano e Mercedes Benz.<\/p>\n<p>Ecco le nomination:<\/p>\n<p>GIORNALISMO D\u2019INCHIESTA<br \/>\nAngela Iantosca \uf0e0 Bambini a met\u00e0<br \/>\nEbe Pierini \uf0e0 Centottanta giorni \u2013 Storie di soldati italiani in Afghanistan<br \/>\nGiovanni Del Giaccio \uf0e0 Sangue sporco<\/p>\n<p>GIOVANI TALENTI<br \/>\nEsteban Morales (Amici)<br \/>\nEmiliano Valverde (The Voice, X Factor, Domenica In)<br \/>\nManuel Finotti<\/p>\n<p>SPORT<br \/>\nDaniele Nardi (Scalatore)<br \/>\nFabrizio Del Monte (Pilota)<br \/>\nGianr\u00eco Falivene (Top Volley)<\/p>\n<p>CINEMA E TV<br \/>\nSara Zanier<br \/>\nSerena Iansiti<br \/>\nEmanuel Caserio<\/p>\n<p>IMPRESA<br \/>\nCosmari<br \/>\nRedi Medica<br \/>\nOrtopedia Italia<\/p>\n","protected":false},"excerpt":{"rendered":"<p>LATINA &#8211; Domani, domenica 28 giugno, Latina va in scena con il Gal\u00e0 di Beneficenza promosso da Villa Zani. Ultimi preparativi e poi il via ufficiale a quello che gi\u00e0 sembra essere l\u2019evento dell\u2019anno, l\u2019unico in grado di unire la solidariet\u00e0 allo spettacolo e di dar vita ad una serata che chiama a raccolta l\u2019intera [&hellip;]<\/p>\n","protected":false},"author":60,"featured_media":165693,"comment_status":"open","ping_status":"closed","sticky":false,"template":"","format":"standard","meta":{"footnotes":""},"categories":[16],"tags":[],"class_list":["post-165692","post","type-post","status-publish","format-standard","has-post-thumbnail","hentry","category-appuntamenti"],"_links":{"self":[{"href":"https:\/\/www.radioluna.it\/news\/wp-json\/wp\/v2\/posts\/165692","targetHints":{"allow":["GET"]}}],"collection":[{"href":"https:\/\/www.radioluna.it\/news\/wp-json\/wp\/v2\/posts"}],"about":[{"href":"https:\/\/www.radioluna.it\/news\/wp-json\/wp\/v2\/types\/post"}],"author":[{"embeddable":true,"href":"https:\/\/www.radioluna.it\/news\/wp-json\/wp\/v2\/users\/60"}],"replies":[{"embeddable":true,"href":"https:\/\/www.radioluna.it\/news\/wp-json\/wp\/v2\/comments?post=165692"}],"version-history":[{"count":0,"href":"https:\/\/www.radioluna.it\/news\/wp-json\/wp\/v2\/posts\/165692\/revisions"}],"wp:featuredmedia":[{"embeddable":true,"href":"https:\/\/www.radioluna.it\/news\/wp-json\/wp\/v2\/media\/165693"}],"wp:attachment":[{"href":"https:\/\/www.radioluna.it\/news\/wp-json\/wp\/v2\/media?parent=165692"}],"wp:term":[{"taxonomy":"category","embeddable":true,"href":"https:\/\/www.radioluna.it\/news\/wp-json\/wp\/v2\/categories?post=165692"},{"taxonomy":"post_tag","embeddable":true,"href":"https:\/\/www.radioluna.it\/news\/wp-json\/wp\/v2\/tags?post=165692"}],"curies":[{"name":"wp","href":"https:\/\/api.w.org\/{rel}","templated":true}]}}