{"id":165712,"date":"2015-06-29T20:25:51","date_gmt":"2015-06-29T18:25:51","guid":{"rendered":"http:\/\/www.radioluna.it\/news\/?p=165712"},"modified":"2015-06-29T20:29:59","modified_gmt":"2015-06-29T18:29:59","slug":"scompare-casa-a-roccasecca-dei-volsci-in-atto-le-ricerche","status":"publish","type":"post","link":"https:\/\/www.radioluna.it\/news\/2015\/06\/scompare-casa-a-roccasecca-dei-volsci-in-atto-le-ricerche\/","title":{"rendered":"Scompare a Roccasecca dei Volsci, ritrovata l&#8217;auto e resti umani"},"content":{"rendered":"<div id=\"fb-root\"><\/div>\n<p style=\"text-align: justify;\"><img loading=\"lazy\" decoding=\"async\" class=\"aligncenter wp-image-165713 size-full\" src=\"http:\/\/www.radioluna.it\/news\/wp-content\/uploads\/2015\/06\/vigili-del-fuoco-457841.610x431.jpg\" alt=\"vigili-del-fuoco-457841.610x431\" width=\"610\" height=\"431\" srcset=\"https:\/\/www.radioluna.it\/news\/wp-content\/uploads\/2015\/06\/vigili-del-fuoco-457841.610x431.jpg 610w, https:\/\/www.radioluna.it\/news\/wp-content\/uploads\/2015\/06\/vigili-del-fuoco-457841.610x431-500x353.jpg 500w, https:\/\/www.radioluna.it\/news\/wp-content\/uploads\/2015\/06\/vigili-del-fuoco-457841.610x431-300x212.jpg 300w\" sizes=\"auto, (max-width: 610px) 100vw, 610px\" \/><strong>ROCCASECCA DEI VOLSCI<\/strong> &#8211; Proseguono ininterrottamente dalla serata di domenica a Roccasecca dei Volsci le ricerche di Arrigo Casconi, 62 enne ex maresciallo dell&#8217;Aereonautica, scomparso da casa da due giorni. Dopo il ritrovamento della sua auto con le chiavi inserite e i documenti sul sedile, nella zona di Valdolenti, tra \u00a0Roccasecca dei Volsci e Pisterzo, sono scattate le ricerche da parte dei carabinieri e dei vigili del fuoco che si sono mossi anche con le unit\u00e0 cinofile e di un elicottero.<\/p>\n<p style=\"text-align: justify;\">Ed \u00e8 di poco fa la notizia che sarebbero stati ritrovati in una zona impervia di Roccasecca,\u00a0resti umani che sono gi\u00e0 stati inviati al Ris di Roma per le analisi di rito.<\/p>\n<div>Sul posto stanno operando gli specialisti &#8220;TAS 2&#8221; e della Squadra &#8220;8A&#8221; che viene supportata dal &#8220;Nucleo Cinofili&#8221; dei Vigili del Fuoco. L&#8217;uomo, secondo le prime ricostruzioni e le informazioni fornite ai carabinieri da parte di alcuni testimoni, si era recato nella sua campagna per effettuare dei lavori nel giardino di propriet\u00e0. E proprio in prossimit\u00e0 della propriet\u00e0\u00a0dell&#8217;uomo \u00e8 stata\u00a0trovata parcheggiata\u00a0la sua automobile con\u00a0il suo cellulare all&#8217;interno.<\/div>\n<div style=\"text-align: justify;\"><\/div>\n<div><\/div>\n<p style=\"text-align: justify;\">\n","protected":false},"excerpt":{"rendered":"<p>ROCCASECCA DEI VOLSCI &#8211; Proseguono ininterrottamente dalla serata di domenica a Roccasecca dei Volsci le ricerche di Arrigo Casconi, 62 enne ex maresciallo dell&#8217;Aereonautica, scomparso da casa da due giorni. Dopo il ritrovamento della sua auto con le chiavi inserite e i documenti sul sedile, nella zona di Valdolenti, tra \u00a0Roccasecca dei Volsci e Pisterzo, [&hellip;]<\/p>\n","protected":false},"author":62,"featured_media":165760,"comment_status":"open","ping_status":"closed","sticky":false,"template":"","format":"standard","meta":{"footnotes":""},"categories":[7],"tags":[],"class_list":["post-165712","post","type-post","status-publish","format-standard","has-post-thumbnail","hentry","category-cronaca"],"_links":{"self":[{"href":"https:\/\/www.radioluna.it\/news\/wp-json\/wp\/v2\/posts\/165712","targetHints":{"allow":["GET"]}}],"collection":[{"href":"https:\/\/www.radioluna.it\/news\/wp-json\/wp\/v2\/posts"}],"about":[{"href":"https:\/\/www.radioluna.it\/news\/wp-json\/wp\/v2\/types\/post"}],"author":[{"embeddable":true,"href":"https:\/\/www.radioluna.it\/news\/wp-json\/wp\/v2\/users\/62"}],"replies":[{"embeddable":true,"href":"https:\/\/www.radioluna.it\/news\/wp-json\/wp\/v2\/comments?post=165712"}],"version-history":[{"count":0,"href":"https:\/\/www.radioluna.it\/news\/wp-json\/wp\/v2\/posts\/165712\/revisions"}],"wp:featuredmedia":[{"embeddable":true,"href":"https:\/\/www.radioluna.it\/news\/wp-json\/wp\/v2\/media\/165760"}],"wp:attachment":[{"href":"https:\/\/www.radioluna.it\/news\/wp-json\/wp\/v2\/media?parent=165712"}],"wp:term":[{"taxonomy":"category","embeddable":true,"href":"https:\/\/www.radioluna.it\/news\/wp-json\/wp\/v2\/categories?post=165712"},{"taxonomy":"post_tag","embeddable":true,"href":"https:\/\/www.radioluna.it\/news\/wp-json\/wp\/v2\/tags?post=165712"}],"curies":[{"name":"wp","href":"https:\/\/api.w.org\/{rel}","templated":true}]}}