{"id":165782,"date":"2015-06-30T09:33:01","date_gmt":"2015-06-30T07:33:01","guid":{"rendered":"http:\/\/www.radioluna.it\/news\/?p=165782"},"modified":"2015-07-01T08:06:59","modified_gmt":"2015-07-01T06:06:59","slug":"165782","status":"publish","type":"post","link":"https:\/\/www.radioluna.it\/news\/2015\/06\/165782\/","title":{"rendered":"Latina va in scena, chiusa la II edizione. Musica, arte e solidariet\u00e0 a Villa Zani"},"content":{"rendered":"<div id=\"fb-root\"><\/div>\n<p style=\"text-align: justify;\">[flagallery gid=391]<\/p>\n<p style=\"text-align: justify;\"><strong>LATINA<\/strong> &#8211; E&#8217; calato il sipario sulla seconda edizione del gal\u00e0 di beneficenza Latina va in scena. Domenica sera, a Villa Zani i talenti sono stati presentati da\u00a0Gioia Marzocchi, volto di Sky Inside e al timone del programma radiofonico e tv di Rai 2 con Max Giusti, e da Gianmaurizio Foderaro, giornalista e conduttore radiofonico della RAI.\u00a0Una serata che ha chiamato a raccolta l\u2019intera citt\u00e0 di Latina, unita per la Lilt cui andr\u00e0 il ricavato dell\u2019evento.<\/p>\n<p style=\"text-align: justify;\"><strong>PREMIATI<\/strong> &#8211; Sul palco i personaggi che con il loro lavoro portano fuori dai confini cittadini il nome della loro citt\u00e0 di nascita e pi\u00f9 in genere del \u00a0territorio pontino:\u00a0Cinque le categorie in gara e 15 le nomination: per Cinema e Tv ha trionfato Serena Iansiti (nomination Sara Zanier, Emanuel Caserio); per Giornalismo d\u2019inchiesta il redattore de Il Messaggero di Latina Giovanni Del Giaccio con il suo \u201cSangue Sporco\u201d (nomination Angela Iantosca \u201cBambini a met\u00e0\u201d e Ebe Pierini Centottanta giorni); per i Giovani Talenti Emiliano Valverde (nomination Esteban Morales, Manuel Finotti); per lo Sport Daniele Nardi (nomination Gianr\u00eco Falivene, Fabrizio Del Monte); per l\u2019impresa Redi Medica (nomination per Cosmari, Ortopedia Italia).<\/p>\n<p style=\"text-align: justify;\"><strong>PREMI SPECIALI<\/strong> &#8211; Otto i premi speciali consegnati: Musica D\u2019autore a Enrico Giaretta, Giovane Genio Musicale a Francesco Taskayali, Teatro a Luciano Melchionna, Danza a Vincenzo Persi, Cortometraggio a \u201cVaricella\u201d di Fulvio Risuleo (regista) e Yuri Fantigrossi (direttore della fotografia), Ricerca scientifica a Alessandra Mastrobuono Battisti, Ricerca medica a Italo Tempera, Ricerca sociale ad Alessandro Orsini<\/p>\n<p style=\"text-align: justify;\"><strong>MUSICA E ARTE<\/strong> \u00a0&#8211; Musica in apertura della serata con \u00a0Claudio Di Cicco Andreoli, divertimnto cin Billy Bolla, il domatore di bolle di sapone, le esibizioni di Gabriele Graziani, in arte Chiazzetta, autore insieme a Di Cicco Andreoli del jingle della seconda edizione di Latina va in scena (video di Paolo Toselli), e poi la musica al piano di Enrico Giaretta per anni pianista del grande Franco Califano e dei giovani talenti ospiti della serata: Emiliano Valverde, Esteban Morales e Manuel Finotti.<\/p>\n<p style=\"text-align: justify;\">Protagonista anche l\u2019arte con l\u2019esposizione di due artisti pontini che hanno contribuito ad impreziosire e rendere ancora pi\u00f9 brillante il Gal\u00e0 di beneficenza: Roberto Andreatini ed Ersilia Sarrecchia. Andreatini, presentato dal curatore Fabio D\u2019Achille\u00a0per celebrare i primi dieci anni del Museo d\u2019Arte Diffusa anche in questa speciale location, ha partecipato con un\u2019esposizione di 10 sculture\/installazioni che rimarranno in mostra per circa un mese.<br \/>\nErsilia Sarrecchia, invece ha presentato il suo nuovo progetto \u201cWomen\u201d, esposto in anteprima come omaggio a Latina va in scena. In questo lavoro l\u2019artista pontina utilizza il ritratto come mezzo per interpretare la realt\u00e0 della donna contemporanea. Verr\u00e0 esposto integralmente il prossimo autunno nella galleria Smac a Roma, Erislia Sarrecchia ha vinto il premio internazionale T.I.N.A. Prize.<\/p>\n<p style=\"text-align: justify;\">L\u2019evento ideato e promosso dalla responsabile eventi di Villa Zani Alessai Sicari, con la collaborazione di Simona Novaga, Patricia Saurino, Fabrizio Giona e Fabrizio Troccoli, \u00e8 sponsorizzato da Cosmari, Redi \u2013 Centro Medico Patologia Clinica, MixInTime, Ortopedia Italia \u2013 Officina ortopediche, Biondo Gioielleria, Mencarelli Group, Loggia \u2013 Industria e Vernici, Caff\u00e8 Vergnano, Pantano, Mercedes Benz e Latina Calcio.<\/p>\n<p style=\"text-align: justify;\">\u201cSiamo contenti della riuscita di questa serata \u2013 spiegano gli organizzatori \u2013 Vedere cos\u00ec tanta partecipazione e soprattutto l\u2019affetto della gente \u00e8 qualcosa che ripaga gli sforzi organizzativi. Ma quello che pi\u00f9 ci inorgoglisce \u00e8 che anche quest\u2019anno siamo riusciti a sostenere l\u2019attivit\u00e0 di un\u2019associazione eccellenza del nostro territorio come la LILT. \u00c8 doveroso quindi ringraziare tutti coloro che ci hanno sostenuto, dagli sponsor alla stampa, dai collaboratori agli intervenuti. E a tutti coloro che hanno, ognuno a suo modo, contribuito alla realizzazione di questa seconda edizione. Ora, contenti dei risultati ottenuti, dobbiamo rimetterci all\u2019opera per Latina va in scena 2016, che vorremmo fosse un po\u2019 diversa con tante novit\u00e0 e piccoli stravolgimenti\u201d.<\/p>\n<div id=\"attachment_165783\" style=\"width: 645px\" class=\"wp-caption aligncenter\"><a href=\"http:\/\/www.radioluna.it\/news\/wp-content\/uploads\/2015\/06\/latinavainscena_2015-11.jpg\"><img loading=\"lazy\" decoding=\"async\" aria-describedby=\"caption-attachment-165783\" class=\"size-thumbnail wp-image-165783\" src=\"http:\/\/www.radioluna.it\/news\/wp-content\/uploads\/2015\/06\/latinavainscena_2015-11-635x423.jpg\" alt=\"Da sinistra Gianmaurizio Foderaro, il dottor Fabio Ricci direttore dlela Brest Unit della Asl di Latinat , la padrona di casa Alessia Sicari, la presentatrice Gioia Marzocchi e Alessandro Rossi della Lilt  sul palco di Latina va in scena\" width=\"635\" height=\"423\" srcset=\"https:\/\/www.radioluna.it\/news\/wp-content\/uploads\/2015\/06\/latinavainscena_2015-11-635x423.jpg 635w, https:\/\/www.radioluna.it\/news\/wp-content\/uploads\/2015\/06\/latinavainscena_2015-11-768x512.jpg 768w, https:\/\/www.radioluna.it\/news\/wp-content\/uploads\/2015\/06\/latinavainscena_2015-11-500x333.jpg 500w, https:\/\/www.radioluna.it\/news\/wp-content\/uploads\/2015\/06\/latinavainscena_2015-11-600x400.jpg 600w, https:\/\/www.radioluna.it\/news\/wp-content\/uploads\/2015\/06\/latinavainscena_2015-11-300x200.jpg 300w, https:\/\/www.radioluna.it\/news\/wp-content\/uploads\/2015\/06\/latinavainscena_2015-11-1024x683.jpg 1024w, https:\/\/www.radioluna.it\/news\/wp-content\/uploads\/2015\/06\/latinavainscena_2015-11-800x534.jpg 800w, https:\/\/www.radioluna.it\/news\/wp-content\/uploads\/2015\/06\/latinavainscena_2015-11.jpg 1000w\" sizes=\"auto, (max-width: 635px) 100vw, 635px\" \/><\/a><p id=\"caption-attachment-165783\" class=\"wp-caption-text\">Da sinistra Gianmaurizio Foderaro, il dottor Fabio Ricci direttore dlela Brest Unit della Asl di Latinat , la padrona di casa Alessia Sicari, la presentatrice Gioia Marzocchi e Alessandro Rossi della Lilt sul palco di Latina va in scena<\/p><\/div>\n","protected":false},"excerpt":{"rendered":"<p>[flagallery gid=391] LATINA &#8211; E&#8217; calato il sipario sulla seconda edizione del gal\u00e0 di beneficenza Latina va in scena. Domenica sera, a Villa Zani i talenti sono stati presentati da\u00a0Gioia Marzocchi, volto di Sky Inside e al timone del programma radiofonico e tv di Rai 2 con Max Giusti, e da Gianmaurizio Foderaro, giornalista e [&hellip;]<\/p>\n","protected":false},"author":62,"featured_media":165783,"comment_status":"open","ping_status":"closed","sticky":false,"template":"","format":"standard","meta":{"footnotes":""},"categories":[735],"tags":[],"class_list":["post-165782","post","type-post","status-publish","format-standard","has-post-thumbnail","hentry","category-attualita"],"_links":{"self":[{"href":"https:\/\/www.radioluna.it\/news\/wp-json\/wp\/v2\/posts\/165782","targetHints":{"allow":["GET"]}}],"collection":[{"href":"https:\/\/www.radioluna.it\/news\/wp-json\/wp\/v2\/posts"}],"about":[{"href":"https:\/\/www.radioluna.it\/news\/wp-json\/wp\/v2\/types\/post"}],"author":[{"embeddable":true,"href":"https:\/\/www.radioluna.it\/news\/wp-json\/wp\/v2\/users\/62"}],"replies":[{"embeddable":true,"href":"https:\/\/www.radioluna.it\/news\/wp-json\/wp\/v2\/comments?post=165782"}],"version-history":[{"count":0,"href":"https:\/\/www.radioluna.it\/news\/wp-json\/wp\/v2\/posts\/165782\/revisions"}],"wp:featuredmedia":[{"embeddable":true,"href":"https:\/\/www.radioluna.it\/news\/wp-json\/wp\/v2\/media\/165783"}],"wp:attachment":[{"href":"https:\/\/www.radioluna.it\/news\/wp-json\/wp\/v2\/media?parent=165782"}],"wp:term":[{"taxonomy":"category","embeddable":true,"href":"https:\/\/www.radioluna.it\/news\/wp-json\/wp\/v2\/categories?post=165782"},{"taxonomy":"post_tag","embeddable":true,"href":"https:\/\/www.radioluna.it\/news\/wp-json\/wp\/v2\/tags?post=165782"}],"curies":[{"name":"wp","href":"https:\/\/api.w.org\/{rel}","templated":true}]}}