{"id":165793,"date":"2015-06-30T15:30:41","date_gmt":"2015-06-30T13:30:41","guid":{"rendered":"http:\/\/www.radioluna.it\/news\/?p=165793"},"modified":"2015-07-11T08:37:00","modified_gmt":"2015-07-11T06:37:00","slug":"a-sabaudia-sfila-il-cinema-italiano-cortellesi-giallini-argentero-e-buy-tra-gli-attori-in-arrivo","status":"publish","type":"post","link":"https:\/\/www.radioluna.it\/news\/2015\/06\/a-sabaudia-sfila-il-cinema-italiano-cortellesi-giallini-argentero-e-buy-tra-gli-attori-in-arrivo\/","title":{"rendered":"A Sabaudia sfila il cinema italiano: Cortellesi, Giallini, Argentero e Buy tra gli attori in arrivo"},"content":{"rendered":"<div id=\"fb-root\"><\/div>\n<div id=\"contentdiv_text\" style=\"text-align: justify;\"><strong><strong><a href=\"http:\/\/www.radioluna.it\/news\/wp-content\/uploads\/2015\/06\/luca-argentero.jpg\"><img loading=\"lazy\" decoding=\"async\" class=\" size-full wp-image-165794 alignleft\" src=\"http:\/\/www.radioluna.it\/news\/wp-content\/uploads\/2015\/06\/luca-argentero.jpg\" alt=\"luca argentero\" width=\"304\" height=\"166\" srcset=\"https:\/\/www.radioluna.it\/news\/wp-content\/uploads\/2015\/06\/luca-argentero.jpg 304w, https:\/\/www.radioluna.it\/news\/wp-content\/uploads\/2015\/06\/luca-argentero-300x164.jpg 300w\" sizes=\"auto, (max-width: 304px) 100vw, 304px\" \/><\/a><\/strong><\/strong><\/p>\n<div id=\"attachment_165795\" style=\"width: 310px\" class=\"wp-caption alignleft\"><a href=\"http:\/\/www.radioluna.it\/news\/wp-content\/uploads\/2015\/06\/Paola_Cortellesi_2.jpg\"><img loading=\"lazy\" decoding=\"async\" aria-describedby=\"caption-attachment-165795\" class=\"wp-image-165795 size-medium\" src=\"http:\/\/www.radioluna.it\/news\/wp-content\/uploads\/2015\/06\/Paola_Cortellesi_2-300x230.jpg\" alt=\"Francesco Petrucci\" width=\"300\" height=\"230\" srcset=\"https:\/\/www.radioluna.it\/news\/wp-content\/uploads\/2015\/06\/Paola_Cortellesi_2-300x230.jpg 300w, https:\/\/www.radioluna.it\/news\/wp-content\/uploads\/2015\/06\/Paola_Cortellesi_2.jpg 363w\" sizes=\"auto, (max-width: 300px) 100vw, 300px\" \/><\/a><p id=\"caption-attachment-165795\" class=\"wp-caption-text\">Francesco Petrucci<\/p><\/div>\n<p><strong>SABAUDIA<\/strong> &#8211; La commedia italiana \u00e8 la protagonista del Sabaudia Film Fest che a luglio porter\u00e0 nella Citt\u00e0 del Parco attori, registi e critici cinematografici. La manifestazione, in programma dal 10 al 18 luglio, \u00e8 stata voluta dal sindaco Maurizio Lucci, che ne ha affidato la direzione al giornalista Franco Montini, presidente del Sindacato Nazionale Critici Cinematografici Italiani (SNCCI).<\/p>\n<\/div>\n<div style=\"text-align: justify;\">Si sfideranno le otto commedie pi\u00f9 divertenti dell&#8217;ultima stagione cinematografica, ci sar\u00e0 poi una sezione composta da 5 opere prime selezionate fra le commedie uscite al cinema tra il 2014 e il 2015; una retrospettiva di 6 film sulla &#8216;commedia balneare&#8217; dal titolo Filmare e una serie di incontri con registi e autori, denominati Confronti, per discutere della storia della commedia italiana e del suo futuro.<\/div>\n<div style=\"text-align: justify;\">Tanti gli ospiti che saliranno sul palco: Paola Cortellesi, Riccardo Milani, Luca Argentero, Anna Foglietta, Edoardo Leo, Vincenzo Salemme, Paolo Genovese, Sabrina Impacciatore, Paolo Giaccio, Paolo Mieli, Luigi Abete, Luigi Lonigro, Bruno Zambardino, Andrea Purgatori, Francesco Bruni, Margherita Buy, Marco Giallini, Simona Izzo, Luca Miniero, Maria Sole Tognazzi.<\/div>\n<div>\n<div id=\"contentdiv_text\" style=\"text-align: justify;\">Sar\u00e0 il pubblico a votare e a decretare il vincitore del premio per la miglior commedia tra gli 8 film proposti nel concorso, mentre \u00a0una giuria di esperti, presieduta da Walter Veltroni e composta da Paola Casella, Andrea Purgatori, Giacomo Scarpelli e Piero Spila, assegner\u00e0 il premio per la migliore, il miglior attore, la miglior attrice e l&#8217;attore e l&#8217;attrice rivelazione. Le serate saranno condotte dalla giornalista di Sky Tg 24, Olivia Tassara.<\/div>\n<div style=\"text-align: justify;\"><\/div>\n<div style=\"text-align: justify;\">I FILM IN CONCORSO &#8211; Le proposte cinematografiche del concorso di questa prima edizione del <span class=\"highlight\">Sabaudia<\/span> Film Fest sono: &#8216;Scusate se esisto!&#8217; di Riccardo Milani, &#8216;Noi e la Giulia&#8217; di Edoardo Leo, &#8216;&amp;#8230;E fuori nevica&#8217; di Vincenzo Salemme, &#8216;Il nome del Figlio&#8217; di Francesca Archibugi, &#8216;Fino a qui tutto bene&#8217; di Roan Johnson, &#8216;Latin Lover&#8217; di Cristina Comencini, &#8216;La scuola pi\u00f9 bella del mondo&#8217; di Luca Miniero, &#8216;Sei mai stata sulla luna?&#8217; di Paolo Genovese. La giuria presieduta da Walter Veltroni premier\u00e0 la miglior opera prima dell&#8217;anno 2014-15 tra: &#8216;Italiano medio&#8217; di Maccio Capatonda, &#8216;Italo&#8217; di Alessia Scarso, &#8216;La prima volta (di mia figlia)&#8217; di Riccardo Rossi, &#8216;Se Dio vuole&#8217; di Edoardo Falcone, &#8216;Short Skin&#8217; di Duccio Chiarini.<\/div>\n<div style=\"text-align: justify;\">La premiazione \u00e8 in programma sabato 18 luglio quando sar\u00e0 proiettato il film vincitore.<\/div>\n<\/div>\n<p>&nbsp;<\/p>\n","protected":false},"excerpt":{"rendered":"<p>SABAUDIA &#8211; La commedia italiana \u00e8 la protagonista del Sabaudia Film Fest che a luglio porter\u00e0 nella Citt\u00e0 del Parco attori, registi e critici cinematografici. La manifestazione, in programma dal 10 al 18 luglio, \u00e8 stata voluta dal sindaco Maurizio Lucci, che ne ha affidato la direzione al giornalista Franco Montini, presidente del Sindacato Nazionale [&hellip;]<\/p>\n","protected":false},"author":62,"featured_media":165794,"comment_status":"open","ping_status":"closed","sticky":false,"template":"","format":"standard","meta":{"footnotes":""},"categories":[15],"tags":[],"class_list":["post-165793","post","type-post","status-publish","format-standard","has-post-thumbnail","hentry","category-cultura"],"_links":{"self":[{"href":"https:\/\/www.radioluna.it\/news\/wp-json\/wp\/v2\/posts\/165793","targetHints":{"allow":["GET"]}}],"collection":[{"href":"https:\/\/www.radioluna.it\/news\/wp-json\/wp\/v2\/posts"}],"about":[{"href":"https:\/\/www.radioluna.it\/news\/wp-json\/wp\/v2\/types\/post"}],"author":[{"embeddable":true,"href":"https:\/\/www.radioluna.it\/news\/wp-json\/wp\/v2\/users\/62"}],"replies":[{"embeddable":true,"href":"https:\/\/www.radioluna.it\/news\/wp-json\/wp\/v2\/comments?post=165793"}],"version-history":[{"count":0,"href":"https:\/\/www.radioluna.it\/news\/wp-json\/wp\/v2\/posts\/165793\/revisions"}],"wp:featuredmedia":[{"embeddable":true,"href":"https:\/\/www.radioluna.it\/news\/wp-json\/wp\/v2\/media\/165794"}],"wp:attachment":[{"href":"https:\/\/www.radioluna.it\/news\/wp-json\/wp\/v2\/media?parent=165793"}],"wp:term":[{"taxonomy":"category","embeddable":true,"href":"https:\/\/www.radioluna.it\/news\/wp-json\/wp\/v2\/categories?post=165793"},{"taxonomy":"post_tag","embeddable":true,"href":"https:\/\/www.radioluna.it\/news\/wp-json\/wp\/v2\/tags?post=165793"}],"curies":[{"name":"wp","href":"https:\/\/api.w.org\/{rel}","templated":true}]}}