{"id":165797,"date":"2015-06-30T15:58:09","date_gmt":"2015-06-30T13:58:09","guid":{"rendered":"http:\/\/www.radioluna.it\/news\/?p=165797"},"modified":"2015-07-01T18:31:17","modified_gmt":"2015-07-01T16:31:17","slug":"incidente-ad-aprilia-muore-un-altro-motociclista","status":"publish","type":"post","link":"https:\/\/www.radioluna.it\/news\/2015\/06\/incidente-ad-aprilia-muore-un-altro-motociclista\/","title":{"rendered":"Incidente ad Aprilia, muore un motociclista di 32 anni"},"content":{"rendered":"<div id=\"fb-root\"><\/div>\n<div id=\"attachment_165798\" style=\"width: 645px\" class=\"wp-caption aligncenter\"><a href=\"http:\/\/www.radioluna.it\/news\/wp-content\/uploads\/2015\/06\/via-dei-giardini-tratto.jpg\"><img loading=\"lazy\" decoding=\"async\" aria-describedby=\"caption-attachment-165798\" class=\"size-thumbnail wp-image-165798\" src=\"http:\/\/www.radioluna.it\/news\/wp-content\/uploads\/2015\/06\/via-dei-giardini-tratto-635x367.jpg\" alt=\"Un tratto di Via dei Giardini\" width=\"635\" height=\"367\" srcset=\"https:\/\/www.radioluna.it\/news\/wp-content\/uploads\/2015\/06\/via-dei-giardini-tratto-635x367.jpg 635w, https:\/\/www.radioluna.it\/news\/wp-content\/uploads\/2015\/06\/via-dei-giardini-tratto-500x289.jpg 500w, https:\/\/www.radioluna.it\/news\/wp-content\/uploads\/2015\/06\/via-dei-giardini-tratto-300x173.jpg 300w, https:\/\/www.radioluna.it\/news\/wp-content\/uploads\/2015\/06\/via-dei-giardini-tratto.jpg 679w\" sizes=\"auto, (max-width: 635px) 100vw, 635px\" \/><\/a><p id=\"caption-attachment-165798\" class=\"wp-caption-text\">Un tratto di Via dei Giardini<\/p><\/div>\n<p style=\"text-align: justify;\">APRILIA &#8211; Un grave incidente stradale si \u00e8 verificato marted\u00ec intorno alle 14 ad Aprilia in Via dei Giardini dove un maxiscooter si \u00e8 scontrato con un camion. Tragiche le conseguenze per il conducente della dueruote che \u00e8 stato sbalzato a terra. Soccorso e trasportato in ospedale, \u00e8 deceduto tra le mani dei sanitari che tentavano di salvargli la vita. \u00a0Sul posto sono intervenuti la\u00a0polizia municipale e i carabinieri. La vittima, Fabio Franco aveva 32 anni ed era di Aprilia.<\/p>\n","protected":false},"excerpt":{"rendered":"<p>APRILIA &#8211; Un grave incidente stradale si \u00e8 verificato marted\u00ec intorno alle 14 ad Aprilia in Via dei Giardini dove un maxiscooter si \u00e8 scontrato con un camion. Tragiche le conseguenze per il conducente della dueruote che \u00e8 stato sbalzato a terra. Soccorso e trasportato in ospedale, \u00e8 deceduto tra le mani dei sanitari che [&hellip;]<\/p>\n","protected":false},"author":62,"featured_media":165798,"comment_status":"open","ping_status":"closed","sticky":false,"template":"","format":"standard","meta":{"footnotes":""},"categories":[7],"tags":[],"class_list":["post-165797","post","type-post","status-publish","format-standard","has-post-thumbnail","hentry","category-cronaca"],"_links":{"self":[{"href":"https:\/\/www.radioluna.it\/news\/wp-json\/wp\/v2\/posts\/165797","targetHints":{"allow":["GET"]}}],"collection":[{"href":"https:\/\/www.radioluna.it\/news\/wp-json\/wp\/v2\/posts"}],"about":[{"href":"https:\/\/www.radioluna.it\/news\/wp-json\/wp\/v2\/types\/post"}],"author":[{"embeddable":true,"href":"https:\/\/www.radioluna.it\/news\/wp-json\/wp\/v2\/users\/62"}],"replies":[{"embeddable":true,"href":"https:\/\/www.radioluna.it\/news\/wp-json\/wp\/v2\/comments?post=165797"}],"version-history":[{"count":0,"href":"https:\/\/www.radioluna.it\/news\/wp-json\/wp\/v2\/posts\/165797\/revisions"}],"wp:featuredmedia":[{"embeddable":true,"href":"https:\/\/www.radioluna.it\/news\/wp-json\/wp\/v2\/media\/165798"}],"wp:attachment":[{"href":"https:\/\/www.radioluna.it\/news\/wp-json\/wp\/v2\/media?parent=165797"}],"wp:term":[{"taxonomy":"category","embeddable":true,"href":"https:\/\/www.radioluna.it\/news\/wp-json\/wp\/v2\/categories?post=165797"},{"taxonomy":"post_tag","embeddable":true,"href":"https:\/\/www.radioluna.it\/news\/wp-json\/wp\/v2\/tags?post=165797"}],"curies":[{"name":"wp","href":"https:\/\/api.w.org\/{rel}","templated":true}]}}