{"id":165813,"date":"2015-06-30T19:45:29","date_gmt":"2015-06-30T17:45:29","guid":{"rendered":"http:\/\/www.radioluna.it\/news\/?p=165813"},"modified":"2015-06-30T19:45:29","modified_gmt":"2015-06-30T17:45:29","slug":"zucchero-nel-gruppo-elettrogeno-del-conad-di-sabotino","status":"publish","type":"post","link":"https:\/\/www.radioluna.it\/news\/2015\/06\/zucchero-nel-gruppo-elettrogeno-del-conad-di-sabotino\/","title":{"rendered":"Zucchero nel gruppo elettrogeno del Conad di Sabotino"},"content":{"rendered":"<div id=\"fb-root\"><\/div>\n<p style=\"text-align: justify;\"><a href=\"http:\/\/www.radioluna.it\/news\/wp-content\/uploads\/2015\/01\/conad.jpg\"><img loading=\"lazy\" decoding=\"async\" class=\" size-full wp-image-159589 aligncenter\" src=\"http:\/\/www.radioluna.it\/news\/wp-content\/uploads\/2015\/01\/conad.jpg\" alt=\"conad\" width=\"500\" height=\"281\" srcset=\"https:\/\/www.radioluna.it\/news\/wp-content\/uploads\/2015\/01\/conad.jpg 500w, https:\/\/www.radioluna.it\/news\/wp-content\/uploads\/2015\/01\/conad-300x169.jpg 300w\" sizes=\"auto, (max-width: 500px) 100vw, 500px\" \/><\/a>LATINA &#8211; \u00a0Una sostanza solida, probabilmente zucchero, \u00e8 stata rovesciata nel serbatoio del gruppo elettrogeno del Conad di Borgo Sabotino, che \u00e8 andato in tilt. Un guaio serio per il supermercato che si trova su Via Foceverde, tanto che oggi il direttore ha sporto denuncia ai carabinieri. \u00a0La scoperta \u00e8 stata fatta luned\u00ec quando il sistema che supplisce ad eventuali distacchi elettrici, non \u00e8 entrato in funzione e il direttore ha richiesto l&#8217;intervento di un tecnico scoprendo presto che il motore era stato irrimediabilmente danneggiato. Sabotaggio o scherzo di pessimo gusto? Sull&#8217;episodio sono in corso le indagini.<\/p>\n","protected":false},"excerpt":{"rendered":"<p>LATINA &#8211; \u00a0Una sostanza solida, probabilmente zucchero, \u00e8 stata rovesciata nel serbatoio del gruppo elettrogeno del Conad di Borgo Sabotino, che \u00e8 andato in tilt. Un guaio serio per il supermercato che si trova su Via Foceverde, tanto che oggi il direttore ha sporto denuncia ai carabinieri. \u00a0La scoperta \u00e8 stata fatta luned\u00ec quando il [&hellip;]<\/p>\n","protected":false},"author":62,"featured_media":159589,"comment_status":"open","ping_status":"closed","sticky":false,"template":"","format":"standard","meta":{"footnotes":""},"categories":[7],"tags":[],"class_list":["post-165813","post","type-post","status-publish","format-standard","has-post-thumbnail","hentry","category-cronaca"],"_links":{"self":[{"href":"https:\/\/www.radioluna.it\/news\/wp-json\/wp\/v2\/posts\/165813","targetHints":{"allow":["GET"]}}],"collection":[{"href":"https:\/\/www.radioluna.it\/news\/wp-json\/wp\/v2\/posts"}],"about":[{"href":"https:\/\/www.radioluna.it\/news\/wp-json\/wp\/v2\/types\/post"}],"author":[{"embeddable":true,"href":"https:\/\/www.radioluna.it\/news\/wp-json\/wp\/v2\/users\/62"}],"replies":[{"embeddable":true,"href":"https:\/\/www.radioluna.it\/news\/wp-json\/wp\/v2\/comments?post=165813"}],"version-history":[{"count":0,"href":"https:\/\/www.radioluna.it\/news\/wp-json\/wp\/v2\/posts\/165813\/revisions"}],"wp:featuredmedia":[{"embeddable":true,"href":"https:\/\/www.radioluna.it\/news\/wp-json\/wp\/v2\/media\/159589"}],"wp:attachment":[{"href":"https:\/\/www.radioluna.it\/news\/wp-json\/wp\/v2\/media?parent=165813"}],"wp:term":[{"taxonomy":"category","embeddable":true,"href":"https:\/\/www.radioluna.it\/news\/wp-json\/wp\/v2\/categories?post=165813"},{"taxonomy":"post_tag","embeddable":true,"href":"https:\/\/www.radioluna.it\/news\/wp-json\/wp\/v2\/tags?post=165813"}],"curies":[{"name":"wp","href":"https:\/\/api.w.org\/{rel}","templated":true}]}}