{"id":165872,"date":"2015-07-02T11:36:47","date_gmt":"2015-07-02T09:36:47","guid":{"rendered":"http:\/\/www.radioluna.it\/news\/?p=165872"},"modified":"2015-07-02T13:54:16","modified_gmt":"2015-07-02T11:54:16","slug":"associazioni-di-idee-eventi-il-9-e-il-14-luglio","status":"publish","type":"post","link":"https:\/\/www.radioluna.it\/news\/2015\/07\/associazioni-di-idee-eventi-il-9-e-il-14-luglio\/","title":{"rendered":"Associazioni di idee. Eventi il 9 e il 14 luglio"},"content":{"rendered":"<div id=\"fb-root\"><\/div>\n<div id=\"attachment_148742\" style=\"width: 370px\" class=\"wp-caption alignleft\"><a href=\"http:\/\/www.radioluna.it\/news\/wp-content\/uploads\/2014\/03\/circolo-cittadino.jpg\"><img loading=\"lazy\" decoding=\"async\" aria-describedby=\"caption-attachment-148742\" class=\"size-full wp-image-148742\" src=\"http:\/\/www.radioluna.it\/news\/wp-content\/uploads\/2014\/03\/circolo-cittadino.jpg\" alt=\"ll circolo cittadino di Latina \" width=\"360\" height=\"270\" srcset=\"https:\/\/www.radioluna.it\/news\/wp-content\/uploads\/2014\/03\/circolo-cittadino.jpg 360w, https:\/\/www.radioluna.it\/news\/wp-content\/uploads\/2014\/03\/circolo-cittadino-300x225.jpg 300w\" sizes=\"auto, (max-width: 360px) 100vw, 360px\" \/><\/a><p id=\"caption-attachment-148742\" class=\"wp-caption-text\">ll circolo cittadino di Latina ospiter\u00e0 i due eventi di Rinascita Civile<\/p><\/div>\n<p style=\"text-align: justify;\"><strong>LATINA<\/strong> &#8211;\u00a0Ogni citt\u00e0 custodisce risorse importanti, persone che si dedicano al bene comune senza chiedere nulla in\u00a0cambio, sia riunite in associazioni no profit o in gruppi spontanei, sia singolarmente, e Latina non fa\u00a0eccezione.<\/p>\n<p style=\"text-align: justify;\">Il problema \u00e8 l\u2019isolamento, la mancanza di coordinamento, la sensazione che ha ciascuno di essere\u00a0minoritario e marginale. Ma se queste risorse si mettono in rete e collaborano ad un progetto comune,\u00a0allora tutto diventa possibile.<\/p>\n<p style=\"text-align: justify;\">Nasce da queste considerazioni l\u2019evento \u201cAssociazioni di idee\u201d, organizzato da RinascitaCivile con la\u00a0collaborazione di numerose associazioni e persone attive sul territorio.<\/p>\n<p style=\"text-align: justify;\">Due saranno gli incontri: il 9 e il 14 luglio dalle 17:00 alle 20:00 al Circolo Cittadino, per dare un anticipo di\u00a0quanto la societ\u00e0 civile pu\u00f2 fare per la citt\u00e0.<\/p>\n<p style=\"text-align: justify;\">Al primo incontro si tratteranno cinque emergenze (scuola, occupazione, servizi pubblici, bilancio,\u00a0urbanistica) con interventi brevi concentrati sull\u2019individuazione di una criticit\u00e0 (tra le tante) e l\u2019elaborazione\u00a0di proposte per risolverla o quanto meno mitigarla.\u00a0Stesso schema per il secondo incontro, e saranno sei i temi da trattare in prospettiva: mobilit\u00e0 sostenibile e\u00a0ambiente, servizi sociali e solidariet\u00e0, legalit\u00e0 e trasparenza, cultura, universit\u00e0 e politiche giovanili,\u00a0decentramento e realt\u00e0 territoriali.<\/p>\n<p style=\"text-align: justify;\">Il risultato di questa prima iniziativa sar\u00e0 un documento che riassumer\u00e0 le criticit\u00e0 trattate e le proposte di\u00a0soluzione scaturite, da consegnare simbolicamente al Commissario Barbato, ovvero alla citt\u00e0.\u00a0Ci scuno degli 11 temi proposti sar\u00e0 oggetto di un approfondimento, una sessione dedicata, da realizzarsi\u00a0dopo la pausa estiva, grazie anche al contributo che, ci si augura, possa arrivare da chi non \u00e8 stato ancora\u00a0coinvolto.<\/p>\n<p style=\"text-align: justify;\">Un patrimonio di idee, di esperienze e di speranze da mettere a frutto, perch\u00e9 non ci si pu\u00f2 rassegnare alla\u00a0malamministrazione e alla mediocrit\u00e0 cui hanno cercato di abituarci.\u00a0Dimostrare con i fatti che un altro modo di intendere la comunit\u00e0 \u00e8 possibile: perseguire il bene comune\u00a0nel rispetto della dignit\u00e0 di ciascuno, invece di rincorrere vantaggi personali dispensando favori a pochi\u00a0\u201cclientes\u201d.<\/p>\n<p style=\"text-align: justify;\">Sono visioni inconciliabili, non possiamo aspettarci che il lupo mantenga la promessa di diventare agnello.\u00a0E allora tocca a ciascuno di noi impegnarsi per uscire da questa situazione, portando a fattor comune\u00a0competenze e impegno, consapevoli che le semplificazioni e le risposte demagogiche aggravano il\u00a0problema piuttosto che avviarlo a soluzione.<\/p>\n<p style=\"text-align: justify;\">Rendiamoci disponibili al cambiamento: una modalit\u00e0 pu\u00f2 essere prendere contatto con RinascitaCivile\u00a0(info@rinascitacivile.it) o con una delle associazioni che partecipano a questo processo, ovvero con una\u00a0chiacchierata a margine degli incontri del 9 e 14 luglio.<\/p>\n<p style=\"text-align: justify;\">Sappiamo che si tratta di una partita al limite del possibile, ma l\u2019unico modo certo di perderla \u00e8 non\u00a0giocarla.<\/p>\n","protected":false},"excerpt":{"rendered":"<p>LATINA &#8211;\u00a0Ogni citt\u00e0 custodisce risorse importanti, persone che si dedicano al bene comune senza chiedere nulla in\u00a0cambio, sia riunite in associazioni no profit o in gruppi spontanei, sia singolarmente, e Latina non fa\u00a0eccezione. Il problema \u00e8 l\u2019isolamento, la mancanza di coordinamento, la sensazione che ha ciascuno di essere\u00a0minoritario e marginale. Ma se queste risorse si [&hellip;]<\/p>\n","protected":false},"author":62,"featured_media":148742,"comment_status":"open","ping_status":"closed","sticky":false,"template":"","format":"standard","meta":{"footnotes":""},"categories":[735],"tags":[],"class_list":["post-165872","post","type-post","status-publish","format-standard","has-post-thumbnail","hentry","category-attualita"],"_links":{"self":[{"href":"https:\/\/www.radioluna.it\/news\/wp-json\/wp\/v2\/posts\/165872","targetHints":{"allow":["GET"]}}],"collection":[{"href":"https:\/\/www.radioluna.it\/news\/wp-json\/wp\/v2\/posts"}],"about":[{"href":"https:\/\/www.radioluna.it\/news\/wp-json\/wp\/v2\/types\/post"}],"author":[{"embeddable":true,"href":"https:\/\/www.radioluna.it\/news\/wp-json\/wp\/v2\/users\/62"}],"replies":[{"embeddable":true,"href":"https:\/\/www.radioluna.it\/news\/wp-json\/wp\/v2\/comments?post=165872"}],"version-history":[{"count":0,"href":"https:\/\/www.radioluna.it\/news\/wp-json\/wp\/v2\/posts\/165872\/revisions"}],"wp:featuredmedia":[{"embeddable":true,"href":"https:\/\/www.radioluna.it\/news\/wp-json\/wp\/v2\/media\/148742"}],"wp:attachment":[{"href":"https:\/\/www.radioluna.it\/news\/wp-json\/wp\/v2\/media?parent=165872"}],"wp:term":[{"taxonomy":"category","embeddable":true,"href":"https:\/\/www.radioluna.it\/news\/wp-json\/wp\/v2\/categories?post=165872"},{"taxonomy":"post_tag","embeddable":true,"href":"https:\/\/www.radioluna.it\/news\/wp-json\/wp\/v2\/tags?post=165872"}],"curies":[{"name":"wp","href":"https:\/\/api.w.org\/{rel}","templated":true}]}}