{"id":166069,"date":"2015-07-07T18:54:31","date_gmt":"2015-07-07T16:54:31","guid":{"rendered":"http:\/\/www.radioluna.it\/news\/?p=166069"},"modified":"2015-07-09T09:08:32","modified_gmt":"2015-07-09T07:08:32","slug":"la-fipav-rifiuta-liscrizione-della-top-volley-latina","status":"publish","type":"post","link":"https:\/\/www.radioluna.it\/news\/2015\/07\/la-fipav-rifiuta-liscrizione-della-top-volley-latina\/","title":{"rendered":"La Fipav rifiuta l&#8217;iscrizione della Top Volley Latina"},"content":{"rendered":"<div id=\"fb-root\"><\/div>\n<p style=\"text-align: justify;\"><strong><a href=\"http:\/\/www.radioluna.it\/news\/wp-content\/uploads\/2015\/02\/Top-Volley-latina.jpg\"><img loading=\"lazy\" decoding=\"async\" class=\"aligncenter size-thumbnail wp-image-160893\" src=\"http:\/\/www.radioluna.it\/news\/wp-content\/uploads\/2015\/02\/Top-Volley-latina-635x418.jpg\" alt=\"Top Volley latina\" width=\"635\" height=\"418\" srcset=\"https:\/\/www.radioluna.it\/news\/wp-content\/uploads\/2015\/02\/Top-Volley-latina-635x418.jpg 635w, https:\/\/www.radioluna.it\/news\/wp-content\/uploads\/2015\/02\/Top-Volley-latina-300x198.jpg 300w, https:\/\/www.radioluna.it\/news\/wp-content\/uploads\/2015\/02\/Top-Volley-latina-768x506.jpg 768w, https:\/\/www.radioluna.it\/news\/wp-content\/uploads\/2015\/02\/Top-Volley-latina-1024x675.jpg 1024w, https:\/\/www.radioluna.it\/news\/wp-content\/uploads\/2015\/02\/Top-Volley-latina-500x329.jpg 500w, https:\/\/www.radioluna.it\/news\/wp-content\/uploads\/2015\/02\/Top-Volley-latina-800x527.jpg 800w, https:\/\/www.radioluna.it\/news\/wp-content\/uploads\/2015\/02\/Top-Volley-latina.jpg 1000w\" sizes=\"auto, (max-width: 635px) 100vw, 635px\" \/><\/a>LATINA<\/strong> &#8211; \u00a0Solo sette giorni fa stappavamo la bottiglia di spumante per festeggiare l\u2019iscrizione\u00a0della Top Volley Latina al prossimo campionato di serie A1. E allora c\u2019era una volta\u00a0quel giorno, che oggi non c\u2019\u00e8 pi\u00f9. Perch\u00e9 \u00e8 notizia calda, proprio nel periodo topico\u00a0dell\u2019afa pontina, del rifiuto da parte della FIPAV rispetto la documentazione depositata da Falivene e colleghi dirigenti in quel di Bologna. Insieme alla compagine\u00a0di casa nostra, pure Piacenza si trova fuori dai giochi. Il problema sembra essere\u00a0legato a un testo, un foglio di carta che non rispetterebbe i canoni regolamentativi\u00a0previsti per giocare. Qual \u00e8 il canone irrispettoso? Non lo sappiamo. Nel senso che\u00a0non ci \u00e8 stato detto. Sappiamo invece che la situazione \u00e8 in mano agli avvocati che\u00a0avranno tempo fino a gioved\u00ec per presentare ricorso e dunque ribaltare di nuovo le\u00a0sorti.<\/p>\n<p style=\"text-align: justify;\">Facendo un passo indietro, l\u2019origine del controllo si attesta alle altre societ\u00e0 della\u00a0Superlega che hanno invitato gli organi preposti a controllare che l\u2019iscrizione delle\u00a0squadre last-minute fosse avvenuta nei termini corretti. Procedendo alle verifiche, i\u00a0massimi esponenti della pallavolo hanno trovato inadempienze rispetto alle\u00a0caratteristiche volute. Cos\u00ec la Top, come detto, si \u00e8 trovata fuori dagli schermi.<\/p>\n<p style=\"text-align: justify;\">Il direttore sportivo Candido Grande si \u00e8 detto comunque \u201cfiducioso per il futuro\u00a0della squadra\u201d. Anche se \u201cbisogna tenere duro in questo periodo difficile\u201d. \u00c8 quello\u00a0che, giuriamo, faranno i tifosi ancora una volta tenuti per la maglietta dal baratro\u00a0della sparizione.\u00a0Certo \u00e8 che se tutto fosse andato in maniera diversa, se la Top avesse avuto l\u2019aiuto\u00a0economico sperato da sponsor locali, se l\u2019ex capitano Daniele Sottile non avesse\u00a0preparato il pugno di ferro per ricevere ogni rimborso lasciato indietro, oggi\u00a0racconteremmo una storia diversa. Una storia che non avrebbe difficolt\u00e0 per essere\u00a0ripetuta, come l\u2019anno scorso e quello prima. Una storia di sport corretto e\u00a0divertente, da tempo omaggio dei sogni solidali dei bambini che aspettano nuovi\u00a0selfie con i giganti del gioco della pallavolo.<\/p>\n<p style=\"text-align: justify;\"><em>(Daniele Campanari)<\/em><\/p>\n<p style=\"text-align: justify;\">\n","protected":false},"excerpt":{"rendered":"<p>LATINA &#8211; \u00a0Solo sette giorni fa stappavamo la bottiglia di spumante per festeggiare l\u2019iscrizione\u00a0della Top Volley Latina al prossimo campionato di serie A1. E allora c\u2019era una volta\u00a0quel giorno, che oggi non c\u2019\u00e8 pi\u00f9. Perch\u00e9 \u00e8 notizia calda, proprio nel periodo topico\u00a0dell\u2019afa pontina, del rifiuto da parte della FIPAV rispetto la documentazione depositata da Falivene [&hellip;]<\/p>\n","protected":false},"author":60,"featured_media":160893,"comment_status":"open","ping_status":"closed","sticky":false,"template":"","format":"standard","meta":{"footnotes":""},"categories":[17],"tags":[],"class_list":["post-166069","post","type-post","status-publish","format-standard","has-post-thumbnail","hentry","category-sport"],"_links":{"self":[{"href":"https:\/\/www.radioluna.it\/news\/wp-json\/wp\/v2\/posts\/166069","targetHints":{"allow":["GET"]}}],"collection":[{"href":"https:\/\/www.radioluna.it\/news\/wp-json\/wp\/v2\/posts"}],"about":[{"href":"https:\/\/www.radioluna.it\/news\/wp-json\/wp\/v2\/types\/post"}],"author":[{"embeddable":true,"href":"https:\/\/www.radioluna.it\/news\/wp-json\/wp\/v2\/users\/60"}],"replies":[{"embeddable":true,"href":"https:\/\/www.radioluna.it\/news\/wp-json\/wp\/v2\/comments?post=166069"}],"version-history":[{"count":0,"href":"https:\/\/www.radioluna.it\/news\/wp-json\/wp\/v2\/posts\/166069\/revisions"}],"wp:featuredmedia":[{"embeddable":true,"href":"https:\/\/www.radioluna.it\/news\/wp-json\/wp\/v2\/media\/160893"}],"wp:attachment":[{"href":"https:\/\/www.radioluna.it\/news\/wp-json\/wp\/v2\/media?parent=166069"}],"wp:term":[{"taxonomy":"category","embeddable":true,"href":"https:\/\/www.radioluna.it\/news\/wp-json\/wp\/v2\/categories?post=166069"},{"taxonomy":"post_tag","embeddable":true,"href":"https:\/\/www.radioluna.it\/news\/wp-json\/wp\/v2\/tags?post=166069"}],"curies":[{"name":"wp","href":"https:\/\/api.w.org\/{rel}","templated":true}]}}