{"id":166076,"date":"2015-07-08T08:14:56","date_gmt":"2015-07-08T06:14:56","guid":{"rendered":"http:\/\/www.radioluna.it\/news\/?p=166076"},"modified":"2015-07-08T17:40:18","modified_gmt":"2015-07-08T15:40:18","slug":"latina-ambiente-proroga-di-altri-due-anni","status":"publish","type":"post","link":"https:\/\/www.radioluna.it\/news\/2015\/07\/latina-ambiente-proroga-di-altri-due-anni\/","title":{"rendered":"Latina Ambiente proroga di altri due anni"},"content":{"rendered":"<div id=\"fb-root\"><\/div>\n<p><a href=\"http:\/\/www.radioluna.it\/news\/wp-content\/uploads\/2015\/05\/latina-ambiente1.jpg\"><img loading=\"lazy\" decoding=\"async\" class=\" size-thumbnail wp-image-164218 aligncenter\" src=\"http:\/\/www.radioluna.it\/news\/wp-content\/uploads\/2015\/05\/latina-ambiente1-635x474.jpg\" alt=\"latina ambiente\" width=\"635\" height=\"474\" srcset=\"https:\/\/www.radioluna.it\/news\/wp-content\/uploads\/2015\/05\/latina-ambiente1-635x474.jpg 635w, https:\/\/www.radioluna.it\/news\/wp-content\/uploads\/2015\/05\/latina-ambiente1-768x574.jpg 768w, https:\/\/www.radioluna.it\/news\/wp-content\/uploads\/2015\/05\/latina-ambiente1-500x373.jpg 500w, https:\/\/www.radioluna.it\/news\/wp-content\/uploads\/2015\/05\/latina-ambiente1-300x224.jpg 300w, https:\/\/www.radioluna.it\/news\/wp-content\/uploads\/2015\/05\/latina-ambiente1-1024x765.jpg 1024w, https:\/\/www.radioluna.it\/news\/wp-content\/uploads\/2015\/05\/latina-ambiente1-800x598.jpg 800w, https:\/\/www.radioluna.it\/news\/wp-content\/uploads\/2015\/05\/latina-ambiente1.jpg 1000w\" sizes=\"auto, (max-width: 635px) 100vw, 635px\" \/><\/a><\/p>\n<p style=\"text-align: justify;\"><strong>LATINA<\/strong> &#8211; E&#8217;\u00a0stato prorogato il termine per lo scioglimento della Latina Ambiente spa, la societ\u00e0 che si occupa della gestione e della raccolta dei rifiuti che cesser\u00e0 il 30 giugno del 2017. La decisione \u00e8 del commissario prefettizio Giacomo Barbato che ha adottato una delibera per la necessit\u00e0 di garantire i servizi ed evitare i rischi per il bilancio comunale, lo scioglimento naturale della societ\u00e0 partecipata del Comune era fissato per il 31 dicembre di quest&#8217;anno.<\/p>\n","protected":false},"excerpt":{"rendered":"<p>LATINA &#8211; E&#8217;\u00a0stato prorogato il termine per lo scioglimento della Latina Ambiente spa, la societ\u00e0 che si occupa della gestione e della raccolta dei rifiuti che cesser\u00e0 il 30 giugno del 2017. La decisione \u00e8 del commissario prefettizio Giacomo Barbato che ha adottato una delibera per la necessit\u00e0 di garantire i servizi ed evitare i [&hellip;]<\/p>\n","protected":false},"author":60,"featured_media":164218,"comment_status":"open","ping_status":"closed","sticky":false,"template":"","format":"standard","meta":{"footnotes":""},"categories":[8],"tags":[],"class_list":["post-166076","post","type-post","status-publish","format-standard","has-post-thumbnail","hentry","category-politica"],"_links":{"self":[{"href":"https:\/\/www.radioluna.it\/news\/wp-json\/wp\/v2\/posts\/166076","targetHints":{"allow":["GET"]}}],"collection":[{"href":"https:\/\/www.radioluna.it\/news\/wp-json\/wp\/v2\/posts"}],"about":[{"href":"https:\/\/www.radioluna.it\/news\/wp-json\/wp\/v2\/types\/post"}],"author":[{"embeddable":true,"href":"https:\/\/www.radioluna.it\/news\/wp-json\/wp\/v2\/users\/60"}],"replies":[{"embeddable":true,"href":"https:\/\/www.radioluna.it\/news\/wp-json\/wp\/v2\/comments?post=166076"}],"version-history":[{"count":0,"href":"https:\/\/www.radioluna.it\/news\/wp-json\/wp\/v2\/posts\/166076\/revisions"}],"wp:featuredmedia":[{"embeddable":true,"href":"https:\/\/www.radioluna.it\/news\/wp-json\/wp\/v2\/media\/164218"}],"wp:attachment":[{"href":"https:\/\/www.radioluna.it\/news\/wp-json\/wp\/v2\/media?parent=166076"}],"wp:term":[{"taxonomy":"category","embeddable":true,"href":"https:\/\/www.radioluna.it\/news\/wp-json\/wp\/v2\/categories?post=166076"},{"taxonomy":"post_tag","embeddable":true,"href":"https:\/\/www.radioluna.it\/news\/wp-json\/wp\/v2\/tags?post=166076"}],"curies":[{"name":"wp","href":"https:\/\/api.w.org\/{rel}","templated":true}]}}