{"id":166156,"date":"2015-07-09T14:06:54","date_gmt":"2015-07-09T12:06:54","guid":{"rendered":"http:\/\/www.radioluna.it\/news\/?p=166156"},"modified":"2015-07-09T14:06:54","modified_gmt":"2015-07-09T12:06:54","slug":"latina-calcio-prima-gara-ufficiale-il-9-agosto","status":"publish","type":"post","link":"https:\/\/www.radioluna.it\/news\/2015\/07\/latina-calcio-prima-gara-ufficiale-il-9-agosto\/","title":{"rendered":"Latina Calcio, prima gara ufficiale il 9 agosto"},"content":{"rendered":"<div id=\"fb-root\"><\/div>\n<p style=\"text-align: justify;\"><strong><a href=\"http:\/\/www.radioluna.it\/news\/wp-content\/uploads\/2015\/07\/cascia.jpg\"><img loading=\"lazy\" decoding=\"async\" class=\"aligncenter size-thumbnail wp-image-166157\" src=\"http:\/\/www.radioluna.it\/news\/wp-content\/uploads\/2015\/07\/cascia-635x339.jpg\" alt=\"cascia\" width=\"635\" height=\"339\" srcset=\"https:\/\/www.radioluna.it\/news\/wp-content\/uploads\/2015\/07\/cascia-635x339.jpg 635w, https:\/\/www.radioluna.it\/news\/wp-content\/uploads\/2015\/07\/cascia-500x267.jpg 500w, https:\/\/www.radioluna.it\/news\/wp-content\/uploads\/2015\/07\/cascia-300x160.jpg 300w, https:\/\/www.radioluna.it\/news\/wp-content\/uploads\/2015\/07\/cascia.jpg 750w\" sizes=\"auto, (max-width: 635px) 100vw, 635px\" \/><\/a>LATINA<\/strong> &#8211; Mentre si fanno sempre pi\u00f9 insistenti le voci della firma sul contratto destinato a riportare a Latina \u00a0il portiere Di Gennaro, il Latina calcio ha reso noto il calendario delle amichevoli in ritiro e la data del primo impegno ufficiale domenica 9 agosto primo impegno ufficiale con la gara di Tim Cup cui seguir\u00e0, in caso di passaggio del turno, il secondo match di Tim Cup in programma sabato 15 agosto.<\/p>\n<p style=\"text-align: justify;\"><strong>LE AMICHEVOL<\/strong>I &#8211; A Cascia dove il Latina sar\u00e0 operativo sul campo a partire dal 17 luglio, la prima amichevole si gioca luned\u00ec 20 luglio (ore 17.30 presso campo \u201cLa Reggia\u201d) contro una selezione di dilettanti; marted\u00ec 21 (ore 17 presso campo \u201cLa Reggia\u201d) contro il Cascia (1^ categoria); venerd\u00ec 24 luglio (ore 20.30) a Lanciano contro la Virtus Lanciano. Da definire l\u2019avversario delle amichevoli fissate per marted\u00ec 28 luglio e venerd\u00ec 31 luglio. Marted\u00ec 4 agosto amichevole al Francioni: ore 20.30 contro il Vicenza.<\/p>\n<p style=\"text-align: justify;\"><strong>RADUNO<\/strong> &#8211; La squadra si raduner\u00e0 domenica (12 luglio) \u00a0al Park Hotel di Latina alle 20.\u00a0Da luned\u00ec 13 luglio a gioved\u00ec 16 luglio sono previsti 4 giorni di visite mediche, nei vari centri a disposizione, e test atletici allo stadio Francioni. Il programma: luned\u00ec visite mediche nei centri autorizzati, marted\u00ec test atletici al Francioni, mercoled\u00ec test isocinetici nei centri autorizzati, gioved\u00ec test atletici al Francioni.<\/p>\n<p style=\"text-align: justify;\">Venerd\u00ec 17 luglio (ore 15) partenza per Cascia: l\u2019Us Latina Calcio rester\u00e0 in ritiro presso il centro sportivo-hotel \u201cMagrelli\u201d fino a venerd\u00ec 31 luglio. Gli allenamenti si svolgeranno sul campo dell\u2019impianto \u201cLa Reggia\u201d.<\/p>\n<p>&nbsp;<\/p>\n<p>&nbsp;<\/p>\n","protected":false},"excerpt":{"rendered":"<p>LATINA &#8211; Mentre si fanno sempre pi\u00f9 insistenti le voci della firma sul contratto destinato a riportare a Latina \u00a0il portiere Di Gennaro, il Latina calcio ha reso noto il calendario delle amichevoli in ritiro e la data del primo impegno ufficiale domenica 9 agosto primo impegno ufficiale con la gara di Tim Cup cui [&hellip;]<\/p>\n","protected":false},"author":62,"featured_media":166157,"comment_status":"open","ping_status":"closed","sticky":false,"template":"","format":"standard","meta":{"footnotes":""},"categories":[17],"tags":[],"class_list":["post-166156","post","type-post","status-publish","format-standard","has-post-thumbnail","hentry","category-sport"],"_links":{"self":[{"href":"https:\/\/www.radioluna.it\/news\/wp-json\/wp\/v2\/posts\/166156","targetHints":{"allow":["GET"]}}],"collection":[{"href":"https:\/\/www.radioluna.it\/news\/wp-json\/wp\/v2\/posts"}],"about":[{"href":"https:\/\/www.radioluna.it\/news\/wp-json\/wp\/v2\/types\/post"}],"author":[{"embeddable":true,"href":"https:\/\/www.radioluna.it\/news\/wp-json\/wp\/v2\/users\/62"}],"replies":[{"embeddable":true,"href":"https:\/\/www.radioluna.it\/news\/wp-json\/wp\/v2\/comments?post=166156"}],"version-history":[{"count":0,"href":"https:\/\/www.radioluna.it\/news\/wp-json\/wp\/v2\/posts\/166156\/revisions"}],"wp:featuredmedia":[{"embeddable":true,"href":"https:\/\/www.radioluna.it\/news\/wp-json\/wp\/v2\/media\/166157"}],"wp:attachment":[{"href":"https:\/\/www.radioluna.it\/news\/wp-json\/wp\/v2\/media?parent=166156"}],"wp:term":[{"taxonomy":"category","embeddable":true,"href":"https:\/\/www.radioluna.it\/news\/wp-json\/wp\/v2\/categories?post=166156"},{"taxonomy":"post_tag","embeddable":true,"href":"https:\/\/www.radioluna.it\/news\/wp-json\/wp\/v2\/tags?post=166156"}],"curies":[{"name":"wp","href":"https:\/\/api.w.org\/{rel}","templated":true}]}}