{"id":166158,"date":"2015-07-09T14:46:38","date_gmt":"2015-07-09T12:46:38","guid":{"rendered":"http:\/\/www.radioluna.it\/news\/?p=166158"},"modified":"2015-07-11T08:08:50","modified_gmt":"2015-07-11T06:08:50","slug":"caso-francioni-de-marchis-pronto-ad-un-confronto-con-i-tifosi-cavicchi-ci-incateneremo-sotto-il-comune-se-necessario","status":"publish","type":"post","link":"https:\/\/www.radioluna.it\/news\/2015\/07\/caso-francioni-de-marchis-pronto-ad-un-confronto-con-i-tifosi-cavicchi-ci-incateneremo-sotto-il-comune-se-necessario\/","title":{"rendered":"Caso Francioni, De Marchis: &#8220;Pronto ad un confronto con i tifosi&#8221;. Cavicchi &#8220;Ci incateneremo sotto il Comune se necessario&#8221;"},"content":{"rendered":"<div id=\"fb-root\"><\/div>\n<p style=\"text-align: justify;\"><strong><a href=\"http:\/\/www.radioluna.it\/news\/wp-content\/uploads\/2014\/12\/stadio-notturna.jpg\"><img loading=\"lazy\" decoding=\"async\" class=\"aligncenter size-thumbnail wp-image-158879\" src=\"http:\/\/www.radioluna.it\/news\/wp-content\/uploads\/2014\/12\/stadio-notturna-635x476.jpg\" alt=\"stadio notturna\" width=\"635\" height=\"476\" \/><\/a>LATINA<\/strong> &#8211; Resta in primo piano la vicenda dello stadio Francioni di Latina dopo che la Procura ha messo sotto esame i lavori di realizzazione della nuova gradinata avviati dall&#8217;Us Latina Calcio. Il caso \u00e8 quello sollevato dal Pd De Marchis con un post sul suo blog nel quale evidenziava che l&#8217;area dello stadio \u00e8 definita dal nuovo piano particolareggiato area destinata a verde pubblico. I tifosi se la prendono con il politico e \u00a0i toni si alzano.<\/p>\n<p style=\"text-align: justify;\"><strong>DE MARCHIS<\/strong> &#8211; Risponde con una conferenza stampa De Marchis a chi lo definisce burattino: &#8220;Non ho nulla contro il Latina e anche io voglio la squadra in serie A, ma \u00e8 giusto denunciare se ci sono delle irregolarit\u00e0 nelle procedure di autorizzazione&#8221;, dice l&#8217;ex consigliere che si scaglia contro l&#8217;ultima amministrazione cittadina. &#8220;Parlo solo ora per la semplice ragione che ora me ne sono accorto. La tifoseria sbaglia, la responsabilit\u00e0 non \u00e8 di chi denuncia, ma di chi ha sbagliato, cio\u00e8 dell&#8217;ex giunta. Sono pronto ad un confronto pubblico con i tifosi&#8221;.<\/p>\n<p style=\"text-align: justify;\">Dal canto suo Paola Cavicchi copresidente del Latina Calcio, in una lunga intervista a Lazio Tv si dice pronta a incatenarsi sotto il Comune se sar\u00e0 necessario: &#8220;Pi\u00f9 andiamo avanti e pi\u00f9 c&#8217;\u00e8 ostruzionismo, per\u00f2, ma non molleremo. Noi non siamo contro la trasparenza e la legalit\u00e0, ma perch\u00e9 ce ne accorgiamo sempre quando la campagna abbonamenti iniziata?&#8221;.<\/p>\n<p style=\"text-align: justify;\">&#8220;Chiederemo al Commissario di restituire allo Stadio Comunale Francioni la destinazione d&#8217;uso di area attrezzata destinata ad eventi sportivi, quindi l&#8217;annullamento della delibera approvata dalla Giunta Di Giorgi, restituendo all&#8217;impianto la funzione per cui \u00e8 stato realizzato&#8221;, affermano gli attivisti del Gigante Buono.<\/p>\n<p style=\"text-align: justify;\">Per\u00a0domani (venerd\u00ec) il tifo organizzato annuncia che sfiler\u00e0 in corteo dal Francioni al \u00a0Comune per chiedere un incontro al commissario Giacomo Barbato.<\/p>\n","protected":false},"excerpt":{"rendered":"<p>LATINA &#8211; Resta in primo piano la vicenda dello stadio Francioni di Latina dopo che la Procura ha messo sotto esame i lavori di realizzazione della nuova gradinata avviati dall&#8217;Us Latina Calcio. Il caso \u00e8 quello sollevato dal Pd De Marchis con un post sul suo blog nel quale evidenziava che l&#8217;area dello stadio \u00e8 [&hellip;]<\/p>\n","protected":false},"author":62,"featured_media":0,"comment_status":"open","ping_status":"closed","sticky":false,"template":"","format":"standard","meta":{"footnotes":""},"categories":[17],"tags":[],"class_list":["post-166158","post","type-post","status-publish","format-standard","hentry","category-sport"],"_links":{"self":[{"href":"https:\/\/www.radioluna.it\/news\/wp-json\/wp\/v2\/posts\/166158","targetHints":{"allow":["GET"]}}],"collection":[{"href":"https:\/\/www.radioluna.it\/news\/wp-json\/wp\/v2\/posts"}],"about":[{"href":"https:\/\/www.radioluna.it\/news\/wp-json\/wp\/v2\/types\/post"}],"author":[{"embeddable":true,"href":"https:\/\/www.radioluna.it\/news\/wp-json\/wp\/v2\/users\/62"}],"replies":[{"embeddable":true,"href":"https:\/\/www.radioluna.it\/news\/wp-json\/wp\/v2\/comments?post=166158"}],"version-history":[{"count":0,"href":"https:\/\/www.radioluna.it\/news\/wp-json\/wp\/v2\/posts\/166158\/revisions"}],"wp:attachment":[{"href":"https:\/\/www.radioluna.it\/news\/wp-json\/wp\/v2\/media?parent=166158"}],"wp:term":[{"taxonomy":"category","embeddable":true,"href":"https:\/\/www.radioluna.it\/news\/wp-json\/wp\/v2\/categories?post=166158"},{"taxonomy":"post_tag","embeddable":true,"href":"https:\/\/www.radioluna.it\/news\/wp-json\/wp\/v2\/tags?post=166158"}],"curies":[{"name":"wp","href":"https:\/\/api.w.org\/{rel}","templated":true}]}}