{"id":166271,"date":"2015-07-13T07:26:26","date_gmt":"2015-07-13T05:26:26","guid":{"rendered":"http:\/\/www.radioluna.it\/news\/?p=166271"},"modified":"2015-07-13T18:48:06","modified_gmt":"2015-07-13T16:48:06","slug":"auto-nel-canale-a-latina-scalo-donna-salvata-dai-vigili-del-fuoco","status":"publish","type":"post","link":"https:\/\/www.radioluna.it\/news\/2015\/07\/auto-nel-canale-a-latina-scalo-donna-salvata-dai-vigili-del-fuoco\/","title":{"rendered":"Auto nel canale a Latina Scalo, donna salvata dai vigili del fuoco"},"content":{"rendered":"<div id=\"fb-root\"><\/div>\n<p style=\"text-align: justify;\"><strong><a href=\"http:\/\/www.radioluna.it\/news\/wp-content\/uploads\/2015\/07\/micra.jpg\"><img loading=\"lazy\" decoding=\"async\" class=\"aligncenter size-thumbnail wp-image-166272\" src=\"http:\/\/www.radioluna.it\/news\/wp-content\/uploads\/2015\/07\/micra-635x476.jpg\" alt=\"micra\" width=\"635\" height=\"476\" srcset=\"https:\/\/www.radioluna.it\/news\/wp-content\/uploads\/2015\/07\/micra-635x476.jpg 635w, https:\/\/www.radioluna.it\/news\/wp-content\/uploads\/2015\/07\/micra-768x576.jpg 768w, https:\/\/www.radioluna.it\/news\/wp-content\/uploads\/2015\/07\/micra-500x375.jpg 500w, https:\/\/www.radioluna.it\/news\/wp-content\/uploads\/2015\/07\/micra-300x225.jpg 300w, https:\/\/www.radioluna.it\/news\/wp-content\/uploads\/2015\/07\/micra-1024x768.jpg 1024w, https:\/\/www.radioluna.it\/news\/wp-content\/uploads\/2015\/07\/micra-800x600.jpg 800w, https:\/\/www.radioluna.it\/news\/wp-content\/uploads\/2015\/07\/micra.jpg 1000w\" sizes=\"auto, (max-width: 635px) 100vw, 635px\" \/><\/a>LATINA<\/strong> &#8211;\u00a0Paura domenica per un incidente stradale. Una donna di 53 anni alla \u00a0guida di una Micra \u00e8 finita nel Canale in via del Murillo a Latina Scalo, l&#8217;auto si \u00e8 immersa per met\u00e0 nell&#8217;acqua che ha invaso l&#8217;abitacolo intrappolando la conducente. Dopo l&#8217;allarme, sono stati i vigili del fuoco con un gommone, a liberare la signora che rischiava l&#8217;annegamento. La paziente \u00e8 stata poi trasportata al Goretti in eliambulanza in codice rosso, ma cosciente. Al pronto soccorso \u00e8 stata dichiarata fuori pericolo.<\/p>\n","protected":false},"excerpt":{"rendered":"<p>LATINA &#8211;\u00a0Paura domenica per un incidente stradale. Una donna di 53 anni alla \u00a0guida di una Micra \u00e8 finita nel Canale in via del Murillo a Latina Scalo, l&#8217;auto si \u00e8 immersa per met\u00e0 nell&#8217;acqua che ha invaso l&#8217;abitacolo intrappolando la conducente. Dopo l&#8217;allarme, sono stati i vigili del fuoco con un gommone, a liberare [&hellip;]<\/p>\n","protected":false},"author":62,"featured_media":166272,"comment_status":"open","ping_status":"closed","sticky":false,"template":"","format":"standard","meta":{"footnotes":""},"categories":[7],"tags":[],"class_list":["post-166271","post","type-post","status-publish","format-standard","has-post-thumbnail","hentry","category-cronaca"],"_links":{"self":[{"href":"https:\/\/www.radioluna.it\/news\/wp-json\/wp\/v2\/posts\/166271","targetHints":{"allow":["GET"]}}],"collection":[{"href":"https:\/\/www.radioluna.it\/news\/wp-json\/wp\/v2\/posts"}],"about":[{"href":"https:\/\/www.radioluna.it\/news\/wp-json\/wp\/v2\/types\/post"}],"author":[{"embeddable":true,"href":"https:\/\/www.radioluna.it\/news\/wp-json\/wp\/v2\/users\/62"}],"replies":[{"embeddable":true,"href":"https:\/\/www.radioluna.it\/news\/wp-json\/wp\/v2\/comments?post=166271"}],"version-history":[{"count":0,"href":"https:\/\/www.radioluna.it\/news\/wp-json\/wp\/v2\/posts\/166271\/revisions"}],"wp:featuredmedia":[{"embeddable":true,"href":"https:\/\/www.radioluna.it\/news\/wp-json\/wp\/v2\/media\/166272"}],"wp:attachment":[{"href":"https:\/\/www.radioluna.it\/news\/wp-json\/wp\/v2\/media?parent=166271"}],"wp:term":[{"taxonomy":"category","embeddable":true,"href":"https:\/\/www.radioluna.it\/news\/wp-json\/wp\/v2\/categories?post=166271"},{"taxonomy":"post_tag","embeddable":true,"href":"https:\/\/www.radioluna.it\/news\/wp-json\/wp\/v2\/tags?post=166271"}],"curies":[{"name":"wp","href":"https:\/\/api.w.org\/{rel}","templated":true}]}}