{"id":166316,"date":"2015-07-13T20:10:59","date_gmt":"2015-07-13T18:10:59","guid":{"rendered":"http:\/\/www.radioluna.it\/news\/?p=166316"},"modified":"2015-07-14T10:28:36","modified_gmt":"2015-07-14T08:28:36","slug":"caos-sulla-pontina-tir-demolisce-il-new-jersey-e-prende-unauto","status":"publish","type":"post","link":"https:\/\/www.radioluna.it\/news\/2015\/07\/caos-sulla-pontina-tir-demolisce-il-new-jersey-e-prende-unauto\/","title":{"rendered":"Caos sulla Pontina, tir demolisce il new jersey e prende un&#8217;auto"},"content":{"rendered":"<div id=\"fb-root\"><\/div>\n<p><a href=\"http:\/\/www.radioluna.it\/news\/wp-content\/uploads\/2015\/04\/traffico-pontina.jpg\"><img loading=\"lazy\" decoding=\"async\" class=\"alignleft size-full wp-image-162918\" src=\"http:\/\/www.radioluna.it\/news\/wp-content\/uploads\/2015\/04\/traffico-pontina.jpg\" alt=\"traffico pontina\" width=\"275\" height=\"160\" \/><\/a><\/p>\n<p style=\"text-align: justify;\"><strong>APRILIA \u00a0<\/strong>-Caos sulla Pontina a causa di un incidente avvenuto oggi alle 14 all&#8217;altezza di Campoverde, al chilometro 53,300 in direzione sud; un tir di una azienda di Latina condotto da un 45enne, ha forato una gomma e ha iniziato a sbandare demolendo il new yersey \u00a0e danneggiando una parte della barriera di cemento che divide le due corsie. Nel sinistro \u00e8 stata coinvolta anche una vettura che proveniva in senso opposto e che \u00e8 stata colpita da alcuni detriti, alla guida c&#8217;era una donna rimasta miracolosamente illesa cos\u00ec come il camionista. Non sono mancati i disagi in entrambi i sensi di marcia sulla Pontina, poi la situazione \u00e8 tornata alla normalit\u00e0. La dinamica dell&#8217;incidente \u00e8 in fase di ricostruzione da parte della polizia stradale di Aprilia.<\/p>\n<div class=\"radio-posizionamento-telefono-in-articoli-dopo-il-contenuto-articolo radio-entity-placement\" id=\"radio-1500266713\"><div id=\"radio-2626775144\"><a href=\"https:\/\/www.simeoneceramiche.com\/\" aria-label=\"SIMEONE CERAMICHE GIF animata per radioluna_Tavola disegno 1 copia 2 (online-video-cutter.com)\"><img loading=\"lazy\" decoding=\"async\" src=\"https:\/\/www.radioluna.it\/news\/wp-content\/uploads\/2025\/05\/SIMEONE-CERAMICHE-GIF-animata-per-radioluna_Tavola-disegno-1-copia-2-online-video-cutter.com_.gif\" alt=\"\"  width=\"300\" height=\"250\"   \/><\/a><\/div><\/div>","protected":false},"excerpt":{"rendered":"<p>APRILIA \u00a0-Caos sulla Pontina a causa di un incidente avvenuto oggi alle 14 all&#8217;altezza di Campoverde, al chilometro 53,300 in direzione sud; un tir di una azienda di Latina condotto da un 45enne, ha forato una gomma e ha iniziato a sbandare demolendo il new yersey \u00a0e danneggiando una parte della barriera di cemento che [&hellip;]<\/p>\n","protected":false},"author":60,"featured_media":162918,"comment_status":"open","ping_status":"closed","sticky":false,"template":"","format":"standard","meta":{"footnotes":""},"categories":[7],"tags":[],"class_list":["post-166316","post","type-post","status-publish","format-standard","has-post-thumbnail","hentry","category-cronaca"],"_links":{"self":[{"href":"https:\/\/www.radioluna.it\/news\/wp-json\/wp\/v2\/posts\/166316","targetHints":{"allow":["GET"]}}],"collection":[{"href":"https:\/\/www.radioluna.it\/news\/wp-json\/wp\/v2\/posts"}],"about":[{"href":"https:\/\/www.radioluna.it\/news\/wp-json\/wp\/v2\/types\/post"}],"author":[{"embeddable":true,"href":"https:\/\/www.radioluna.it\/news\/wp-json\/wp\/v2\/users\/60"}],"replies":[{"embeddable":true,"href":"https:\/\/www.radioluna.it\/news\/wp-json\/wp\/v2\/comments?post=166316"}],"version-history":[{"count":0,"href":"https:\/\/www.radioluna.it\/news\/wp-json\/wp\/v2\/posts\/166316\/revisions"}],"wp:featuredmedia":[{"embeddable":true,"href":"https:\/\/www.radioluna.it\/news\/wp-json\/wp\/v2\/media\/162918"}],"wp:attachment":[{"href":"https:\/\/www.radioluna.it\/news\/wp-json\/wp\/v2\/media?parent=166316"}],"wp:term":[{"taxonomy":"category","embeddable":true,"href":"https:\/\/www.radioluna.it\/news\/wp-json\/wp\/v2\/categories?post=166316"},{"taxonomy":"post_tag","embeddable":true,"href":"https:\/\/www.radioluna.it\/news\/wp-json\/wp\/v2\/tags?post=166316"}],"curies":[{"name":"wp","href":"https:\/\/api.w.org\/{rel}","templated":true}]}}