{"id":166318,"date":"2015-07-13T17:21:57","date_gmt":"2015-07-13T15:21:57","guid":{"rendered":"http:\/\/www.radioluna.it\/news\/?p=166318"},"modified":"2015-07-13T18:49:52","modified_gmt":"2015-07-13T16:49:52","slug":"di-cocco-gli-sforzi-che-attendono-la-prossima-amministrazione","status":"publish","type":"post","link":"https:\/\/www.radioluna.it\/news\/2015\/07\/di-cocco-gli-sforzi-che-attendono-la-prossima-amministrazione\/","title":{"rendered":"Di Cocco,  gli sforzi che attendono la prossima amministrazione"},"content":{"rendered":"<div id=\"fb-root\"><\/div>\n<p style=\"text-align: justify;\" align=\"LEFT\"><a href=\"http:\/\/www.radioluna.it\/news\/wp-content\/uploads\/2014\/02\/di-cocco-ncd.jpg\"><img loading=\"lazy\" decoding=\"async\" class=\" size-thumbnail wp-image-147142 aligncenter\" src=\"http:\/\/www.radioluna.it\/news\/wp-content\/uploads\/2014\/02\/di-cocco-ncd-635x635.jpg\" alt=\"di cocco ncd\" width=\"635\" height=\"635\" srcset=\"https:\/\/www.radioluna.it\/news\/wp-content\/uploads\/2014\/02\/di-cocco-ncd-635x635.jpg 635w, https:\/\/www.radioluna.it\/news\/wp-content\/uploads\/2014\/02\/di-cocco-ncd-150x150.jpg 150w, https:\/\/www.radioluna.it\/news\/wp-content\/uploads\/2014\/02\/di-cocco-ncd-768x768.jpg 768w, https:\/\/www.radioluna.it\/news\/wp-content\/uploads\/2014\/02\/di-cocco-ncd-300x300.jpg 300w, https:\/\/www.radioluna.it\/news\/wp-content\/uploads\/2014\/02\/di-cocco-ncd-500x500.jpg 500w, https:\/\/www.radioluna.it\/news\/wp-content\/uploads\/2014\/02\/di-cocco-ncd-80x80.jpg 80w, https:\/\/www.radioluna.it\/news\/wp-content\/uploads\/2014\/02\/di-cocco-ncd-50x50.jpg 50w, https:\/\/www.radioluna.it\/news\/wp-content\/uploads\/2014\/02\/di-cocco-ncd-800x800.jpg 800w, https:\/\/www.radioluna.it\/news\/wp-content\/uploads\/2014\/02\/di-cocco-ncd.jpg 913w\" sizes=\"auto, (max-width: 635px) 100vw, 635px\" \/><\/a><strong>LATINA<\/strong> &#8211; Lo sforzo che attende la prossima amministrazione deve essere quello di puntare sui dipendenti comunali e sulla meritocrazia. E&#8217; quello che dice Gianluca Di Cocco, ex assessore e coordinatore Ncd di Latina in una nota. \u00a0&lt;Attualmente i dipendenti comunali non sono in condizioni di svolgere al meglio il loro mestiere e, di conseguenza, non riescono a dare le giuste risposte alla cittadinanza. I disagi vanno dalla semplice mancata assenza di modulistica o di collegamento tra un ufficio ad un altro per arrivare ai computer che non funzionano a dovere perch\u00e9 datati. Tutto questo \u2013 aggiunge Gianluca Di Cocco \u2013 crea un forte stress che si ripercuote sull&#8217;efficienza del servizio. La prossima amministrazione comunale dovr\u00e0 dotare i dipendenti comunali di servizi a livello informatico migliori perch\u00e9 possano svolgere la loro attivit\u00e0 in maniera pi\u00f9 rilassata&gt;.<\/p>\n","protected":false},"excerpt":{"rendered":"<p>LATINA &#8211; Lo sforzo che attende la prossima amministrazione deve essere quello di puntare sui dipendenti comunali e sulla meritocrazia. E&#8217; quello che dice Gianluca Di Cocco, ex assessore e coordinatore Ncd di Latina in una nota. \u00a0&lt;Attualmente i dipendenti comunali non sono in condizioni di svolgere al meglio il loro mestiere e, di conseguenza, [&hellip;]<\/p>\n","protected":false},"author":60,"featured_media":147142,"comment_status":"open","ping_status":"closed","sticky":false,"template":"","format":"standard","meta":{"footnotes":""},"categories":[8],"tags":[],"class_list":["post-166318","post","type-post","status-publish","format-standard","has-post-thumbnail","hentry","category-politica"],"_links":{"self":[{"href":"https:\/\/www.radioluna.it\/news\/wp-json\/wp\/v2\/posts\/166318","targetHints":{"allow":["GET"]}}],"collection":[{"href":"https:\/\/www.radioluna.it\/news\/wp-json\/wp\/v2\/posts"}],"about":[{"href":"https:\/\/www.radioluna.it\/news\/wp-json\/wp\/v2\/types\/post"}],"author":[{"embeddable":true,"href":"https:\/\/www.radioluna.it\/news\/wp-json\/wp\/v2\/users\/60"}],"replies":[{"embeddable":true,"href":"https:\/\/www.radioluna.it\/news\/wp-json\/wp\/v2\/comments?post=166318"}],"version-history":[{"count":0,"href":"https:\/\/www.radioluna.it\/news\/wp-json\/wp\/v2\/posts\/166318\/revisions"}],"wp:featuredmedia":[{"embeddable":true,"href":"https:\/\/www.radioluna.it\/news\/wp-json\/wp\/v2\/media\/147142"}],"wp:attachment":[{"href":"https:\/\/www.radioluna.it\/news\/wp-json\/wp\/v2\/media?parent=166318"}],"wp:term":[{"taxonomy":"category","embeddable":true,"href":"https:\/\/www.radioluna.it\/news\/wp-json\/wp\/v2\/categories?post=166318"},{"taxonomy":"post_tag","embeddable":true,"href":"https:\/\/www.radioluna.it\/news\/wp-json\/wp\/v2\/tags?post=166318"}],"curies":[{"name":"wp","href":"https:\/\/api.w.org\/{rel}","templated":true}]}}